{"id":25143,"date":"2022-04-26T22:42:44","date_gmt":"2022-04-26T22:42:44","guid":{"rendered":"https:\/\/blogdorogeriogomes.com.br\/?p=25143"},"modified":"2022-04-27T09:34:21","modified_gmt":"2022-04-27T09:34:21","slug":"aliados-de-izolda-cela-reforcam-a-defesa-da-atual-governadora-pleitear-a-reeleicao-em-outubro","status":"publish","type":"post","link":"https:\/\/blogdorogeriogomes.com.br\/noticias\/2022\/04\/aliados-de-izolda-cela-reforcam-a-defesa-da-atual-governadora-pleitear-a-reeleicao-em-outubro\/","title":{"rendered":"Aliados de Izolda Cela refor\u00e7am a defesa da atual governadora pleitear a reelei\u00e7\u00e3o em outubro"},"content":{"rendered":"\n<p>Na medida que se aproxima o prazo final para a defini\u00e7\u00e3o das candidaturas ao Governo do Cear\u00e1, crescem as manifesta\u00e7\u00f5es de apoio por um ou outro nome. Na \u00faltima segunda-feira, dia 25 de abril, a atual governadora Izolda Cela (PDT) recebeu o apoio ao seu nome de deputados federais e estaduais durante o almo\u00e7o, no Pal\u00e1cio da Aboli\u00e7\u00e3o. Entre as manifesta\u00e7\u00f5es mais expressivas, a da bancada do PT que diz ter a prefer\u00eancia de Izolda Cela como candidata governista. Para os parlamentares presentes ao encontro, uma oportunidade tamb\u00e9m para refor\u00e7ar os pedidos para conclus\u00e3o de demandas em suas bases eleitorais no interior do Estado.<\/p>\n\n\n\n<p>Izolda Cela disputa a indica\u00e7\u00e3o para concorrer a um novo mandato no Pal\u00e1cio da Aboli\u00e7\u00e3o com o ex-prefeito de Fortaleza, Roberto Cl\u00e1udio; com o presidente da Assembleia Legislativa, Evandro Leit\u00e3o; e com o deputado federal Mauro Filho. Todos do PDT. Izolda e Roberto Cl\u00e1udio t\u00eam recebido as maiores manifesta\u00e7\u00f5es de apoio. O ex-prefeito da Capital j\u00e1 foi defendido como candidato pelo atual prefeito de Fortaleza, Jos\u00e9 Sarto (PDT) al\u00e9m do presidente da C\u00e2mara Municipal de Fortaleza, Ant\u00f4nio Henrique (PDT).<\/p>\n\n\n\n<p>No PT, o ex-governador Camilo Santana j\u00e1 se manifestou publicamente v\u00e1rias vezes em defesa do nome de Izolda Cela. Camilo vai concorrer ao Senado nas elei\u00e7\u00f5es deste ano. Apenas uma vaga (do senador tucano Tasso Jereissati) estar\u00e1 em jogo.<\/p>\n\n\n\n<p>At\u00e9 o in\u00edcio de julho, a defini\u00e7\u00e3o do candidato governista deve ser efetivada. O crit\u00e9rio de escolha, no entanto, tamb\u00e9m deve envolver a realiza\u00e7\u00e3o de pesquisas internas e avalia\u00e7\u00e3o dos dirigentes partid\u00e1rios que comp\u00f5em a alian\u00e7a, como PT e PDT.<\/p>\n\n\n\n<figure class=\"wp-block-image size-full\"><img loading=\"lazy\" decoding=\"async\" width=\"1024\" height=\"602\" src=\"https:\/\/blogdorogeriogomes.com.br\/wp-content\/uploads\/2022\/04\/Izolda-e-deputados-1024x602-1.jpg\" alt=\"\" class=\"wp-image-25144\" srcset=\"https:\/\/blogdorogeriogomes.com.br\/noticias\/wp-content\/uploads\/2022\/04\/Izolda-e-deputados-1024x602-1.jpg 1024w, https:\/\/blogdorogeriogomes.com.br\/noticias\/wp-content\/uploads\/2022\/04\/Izolda-e-deputados-1024x602-1-300x176.jpg 300w, https:\/\/blogdorogeriogomes.com.br\/noticias\/wp-content\/uploads\/2022\/04\/Izolda-e-deputados-1024x602-1-768x452.jpg 768w, https:\/\/blogdorogeriogomes.com.br\/noticias\/wp-content\/uploads\/2022\/04\/Izolda-e-deputados-1024x602-1-800x470.jpg 800w\" sizes=\"auto, (max-width: 1024px) 100vw, 1024px\" \/><\/figure>\n","protected":false},"excerpt":{"rendered":"<p>Na medida que se aproxima o prazo final para a defini\u00e7\u00e3o das candidaturas ao Governo do Cear\u00e1, crescem as manifesta\u00e7\u00f5es de apoio por um ou outro nome. Na \u00faltima segunda-feira, dia 25 de abril, a atual governadora Izolda Cela (PDT) recebeu o apoio ao seu nome de deputados federais e estaduais durante o almo\u00e7o, no Pal\u00e1cio da Aboli\u00e7\u00e3o. Entre as manifesta\u00e7\u00f5es mais expressivas, a da bancada do PT que diz ter a prefer\u00eancia de Izolda Cela como candidata governista.&hellip;<\/p>\n","protected":false},"author":1,"featured_media":25144,"comment_status":"open","ping_status":"open","sticky":false,"template":"","format":"standard","meta":{"footnotes":""},"categories":[1],"tags":[],"class_list":["post-25143","post","type-post","status-publish","format-standard","has-post-thumbnail","hentry","category-noticias"],"_links":{"self":[{"href":"https:\/\/blogdorogeriogomes.com.br\/noticias\/wp-json\/wp\/v2\/posts\/25143","targetHints":{"allow":["GET"]}}],"collection":[{"href":"https:\/\/blogdorogeriogomes.com.br\/noticias\/wp-json\/wp\/v2\/posts"}],"about":[{"href":"https:\/\/blogdorogeriogomes.com.br\/noticias\/wp-json\/wp\/v2\/types\/post"}],"author":[{"embeddable":true,"href":"https:\/\/blogdorogeriogomes.com.br\/noticias\/wp-json\/wp\/v2\/users\/1"}],"replies":[{"embeddable":true,"href":"https:\/\/blogdorogeriogomes.com.br\/noticias\/wp-json\/wp\/v2\/comments?post=25143"}],"version-history":[{"count":1,"href":"https:\/\/blogdorogeriogomes.com.br\/noticias\/wp-json\/wp\/v2\/posts\/25143\/revisions"}],"predecessor-version":[{"id":25145,"href":"https:\/\/blogdorogeriogomes.com.br\/noticias\/wp-json\/wp\/v2\/posts\/25143\/revisions\/25145"}],"wp:featuredmedia":[{"embeddable":true,"href":"https:\/\/blogdorogeriogomes.com.br\/noticias\/wp-json\/wp\/v2\/media\/25144"}],"wp:attachment":[{"href":"https:\/\/blogdorogeriogomes.com.br\/noticias\/wp-json\/wp\/v2\/media?parent=25143"}],"wp:term":[{"taxonomy":"category","embeddable":true,"href":"https:\/\/blogdorogeriogomes.com.br\/noticias\/wp-json\/wp\/v2\/categories?post=25143"},{"taxonomy":"post_tag","embeddable":true,"href":"https:\/\/blogdorogeriogomes.com.br\/noticias\/wp-json\/wp\/v2\/tags?post=25143"}],"curies":[{"name":"wp","href":"https:\/\/api.w.org\/{rel}","templated":true}]}}