{"id":25146,"date":"2022-04-27T10:42:31","date_gmt":"2022-04-27T10:42:31","guid":{"rendered":"https:\/\/blogdorogeriogomes.com.br\/?p=25146"},"modified":"2022-04-27T22:40:24","modified_gmt":"2022-04-27T22:40:24","slug":"academia-enem-esta-com-inscricoes-abertas-em-fortaleza-pelo-portal-da-juventude","status":"publish","type":"post","link":"https:\/\/blogdorogeriogomes.com.br\/noticias\/2022\/04\/academia-enem-esta-com-inscricoes-abertas-em-fortaleza-pelo-portal-da-juventude\/","title":{"rendered":"Academia Enem est\u00e1 com inscri\u00e7\u00f5es abertas em Fortaleza pelo Portal da Juventude"},"content":{"rendered":"\n<p>O Academia Enem, curso preparat\u00f3rio para o Exame Nacional do Ensino M\u00e9dio (Enem) da Prefeitura de Fortaleza, por meio da Secretaria Municipal da Juventude, abriu inscri\u00e7\u00f5es nesta ter\u00e7a-feira, dia 26 de abril. A nova edi\u00e7\u00e3o do programa conta com parceria com a Descomplica, plataforma on-line de educa\u00e7\u00e3o. Interessados em participar devem realizar a inscri\u00e7\u00e3o no&nbsp;Portal da Juventude at\u00e9 a pr\u00f3xima ter\u00e7a-feira, dia 3 de maio.<\/p>\n\n\n\n<p>Podem se inscrever alunos que est\u00e3o cursando ou que j\u00e1 conclu\u00edram o ensino m\u00e9dio, com prioridade para os alunos da rede p\u00fablica de ensino. Depois da inscri\u00e7\u00e3o no Portal da Juventude, os integrantes receber\u00e3o e-mail de confirma\u00e7\u00e3o com link exclusivo de acesso \u00e0 plataforma Descomplica.<\/p>\n\n\n\n<p>Nesta edi\u00e7\u00e3o, os 12 mil participantes ter\u00e3o aulas virtuais e corre\u00e7\u00e3o de reda\u00e7\u00e3o por meio da Descomplica, aul\u00f5es presenciais no Gin\u00e1sio Paulo Sarasate, simulado, e receber\u00e3o material did\u00e1tico para auxiliar nos estudos. As vagas ser\u00e3o distribu\u00eddas por ordem de inscri\u00e7\u00e3o.<\/p>\n\n\n\n<figure class=\"wp-block-image size-full\"><img loading=\"lazy\" decoding=\"async\" width=\"984\" height=\"656\" src=\"https:\/\/blogdorogeriogomes.com.br\/wp-content\/uploads\/2022\/04\/academia4.jpg\" alt=\"\" class=\"wp-image-25147\" srcset=\"https:\/\/blogdorogeriogomes.com.br\/noticias\/wp-content\/uploads\/2022\/04\/academia4.jpg 984w, https:\/\/blogdorogeriogomes.com.br\/noticias\/wp-content\/uploads\/2022\/04\/academia4-300x200.jpg 300w, https:\/\/blogdorogeriogomes.com.br\/noticias\/wp-content\/uploads\/2022\/04\/academia4-768x512.jpg 768w, https:\/\/blogdorogeriogomes.com.br\/noticias\/wp-content\/uploads\/2022\/04\/academia4-800x533.jpg 800w\" sizes=\"auto, (max-width: 984px) 100vw, 984px\" \/><\/figure>\n","protected":false},"excerpt":{"rendered":"<p>O Academia Enem, curso preparat\u00f3rio para o Exame Nacional do Ensino M\u00e9dio (Enem) da Prefeitura de Fortaleza, por meio da Secretaria Municipal da Juventude, abriu inscri\u00e7\u00f5es nesta ter\u00e7a-feira, dia 26 de abril. A nova edi\u00e7\u00e3o do programa conta com parceria com a Descomplica, plataforma on-line de educa\u00e7\u00e3o. Interessados em participar devem realizar a inscri\u00e7\u00e3o no&nbsp;Portal da Juventude at\u00e9 a pr\u00f3xima ter\u00e7a-feira, dia 3 de maio. Podem se inscrever alunos que est\u00e3o cursando ou que j\u00e1 conclu\u00edram o ensino m\u00e9dio,&hellip;<\/p>\n","protected":false},"author":1,"featured_media":25147,"comment_status":"open","ping_status":"open","sticky":false,"template":"","format":"standard","meta":{"footnotes":""},"categories":[1],"tags":[],"class_list":["post-25146","post","type-post","status-publish","format-standard","has-post-thumbnail","hentry","category-noticias"],"_links":{"self":[{"href":"https:\/\/blogdorogeriogomes.com.br\/noticias\/wp-json\/wp\/v2\/posts\/25146","targetHints":{"allow":["GET"]}}],"collection":[{"href":"https:\/\/blogdorogeriogomes.com.br\/noticias\/wp-json\/wp\/v2\/posts"}],"about":[{"href":"https:\/\/blogdorogeriogomes.com.br\/noticias\/wp-json\/wp\/v2\/types\/post"}],"author":[{"embeddable":true,"href":"https:\/\/blogdorogeriogomes.com.br\/noticias\/wp-json\/wp\/v2\/users\/1"}],"replies":[{"embeddable":true,"href":"https:\/\/blogdorogeriogomes.com.br\/noticias\/wp-json\/wp\/v2\/comments?post=25146"}],"version-history":[{"count":2,"href":"https:\/\/blogdorogeriogomes.com.br\/noticias\/wp-json\/wp\/v2\/posts\/25146\/revisions"}],"predecessor-version":[{"id":25159,"href":"https:\/\/blogdorogeriogomes.com.br\/noticias\/wp-json\/wp\/v2\/posts\/25146\/revisions\/25159"}],"wp:featuredmedia":[{"embeddable":true,"href":"https:\/\/blogdorogeriogomes.com.br\/noticias\/wp-json\/wp\/v2\/media\/25147"}],"wp:attachment":[{"href":"https:\/\/blogdorogeriogomes.com.br\/noticias\/wp-json\/wp\/v2\/media?parent=25146"}],"wp:term":[{"taxonomy":"category","embeddable":true,"href":"https:\/\/blogdorogeriogomes.com.br\/noticias\/wp-json\/wp\/v2\/categories?post=25146"},{"taxonomy":"post_tag","embeddable":true,"href":"https:\/\/blogdorogeriogomes.com.br\/noticias\/wp-json\/wp\/v2\/tags?post=25146"}],"curies":[{"name":"wp","href":"https:\/\/api.w.org\/{rel}","templated":true}]}}