{"id":25156,"date":"2022-04-27T20:48:26","date_gmt":"2022-04-27T20:48:26","guid":{"rendered":"https:\/\/blogdorogeriogomes.com.br\/?p=25156"},"modified":"2022-04-27T22:39:49","modified_gmt":"2022-04-27T22:39:49","slug":"deputados-estaduais-ameacam-criar-cpi-da-enel-apos-aumento-da-energia-eletrica","status":"publish","type":"post","link":"https:\/\/blogdorogeriogomes.com.br\/noticias\/2022\/04\/deputados-estaduais-ameacam-criar-cpi-da-enel-apos-aumento-da-energia-eletrica\/","title":{"rendered":"Deputados estaduais amea\u00e7am criar CPI da Enel ap\u00f3s aumento da energia el\u00e9trica"},"content":{"rendered":"\n<p>O reajuste m\u00e9dio de quase 25% na energia el\u00e9trica no Cear\u00e1 continua gerando repercuss\u00e3o nos meios econ\u00f4mico e pol\u00edtico. Na Assembleia Legislativa, deputados governistas e de oposi\u00e7\u00e3o se movimentam para aprovar a cria\u00e7\u00e3o de uma CPI para apurar poss\u00edveis irregularidades na Enel Distribui\u00e7\u00e3o. A coleta de assinaturas j\u00e1 foi iniciada no Legislativo Estadual.<\/p>\n\n\n\n<p>Nesta quarta-feira, dia 27 de abril, parlamentares federais se reuniram com o diretor da Ag\u00eancia Nacional de Energia El\u00e9trica (Aneel) e representantes da Enel Distribui\u00e7\u00e3o, mas chegaram \u00e0 conclus\u00e3o que o Congresso Nacional ter\u00e1 que intervir quanto ao percentual de aumento que foi aprovado.<\/p>\n\n\n\n<p>Entre os deputados estaduais e representantes do Minist\u00e9rio P\u00fablico, h\u00e1 o desejo de que a Comiss\u00e3o Parlamentar de Inqu\u00e9rito seja instalada e a concess\u00e3o da Enel, respons\u00e1vel pela distribui\u00e7\u00e3o de energia el\u00e9trica no Cear\u00e1, possa ser inclusive revista.<\/p>\n\n\n\n<figure class=\"wp-block-image size-full is-resized\"><img loading=\"lazy\" decoding=\"async\" src=\"https:\/\/blogdorogeriogomes.com.br\/wp-content\/uploads\/2022\/04\/bff53f087d87865febc9893c39a517cd_XL.jpg\" alt=\"\" class=\"wp-image-25157\" width=\"341\" height=\"227\" srcset=\"https:\/\/blogdorogeriogomes.com.br\/noticias\/wp-content\/uploads\/2022\/04\/bff53f087d87865febc9893c39a517cd_XL.jpg 900w, https:\/\/blogdorogeriogomes.com.br\/noticias\/wp-content\/uploads\/2022\/04\/bff53f087d87865febc9893c39a517cd_XL-300x200.jpg 300w, https:\/\/blogdorogeriogomes.com.br\/noticias\/wp-content\/uploads\/2022\/04\/bff53f087d87865febc9893c39a517cd_XL-768x512.jpg 768w, https:\/\/blogdorogeriogomes.com.br\/noticias\/wp-content\/uploads\/2022\/04\/bff53f087d87865febc9893c39a517cd_XL-800x533.jpg 800w\" sizes=\"auto, (max-width: 341px) 100vw, 341px\" \/><\/figure>\n","protected":false},"excerpt":{"rendered":"<p>O reajuste m\u00e9dio de quase 25% na energia el\u00e9trica no Cear\u00e1 continua gerando repercuss\u00e3o nos meios econ\u00f4mico e pol\u00edtico. Na Assembleia Legislativa, deputados governistas e de oposi\u00e7\u00e3o se movimentam para aprovar a cria\u00e7\u00e3o de uma CPI para apurar poss\u00edveis irregularidades na Enel Distribui\u00e7\u00e3o. A coleta de assinaturas j\u00e1 foi iniciada no Legislativo Estadual. Nesta quarta-feira, dia 27 de abril, parlamentares federais se reuniram com o diretor da Ag\u00eancia Nacional de Energia El\u00e9trica (Aneel) e representantes da Enel Distribui\u00e7\u00e3o, mas&hellip;<\/p>\n","protected":false},"author":1,"featured_media":25157,"comment_status":"open","ping_status":"open","sticky":false,"template":"","format":"standard","meta":{"footnotes":""},"categories":[1],"tags":[],"class_list":["post-25156","post","type-post","status-publish","format-standard","has-post-thumbnail","hentry","category-noticias"],"_links":{"self":[{"href":"https:\/\/blogdorogeriogomes.com.br\/noticias\/wp-json\/wp\/v2\/posts\/25156","targetHints":{"allow":["GET"]}}],"collection":[{"href":"https:\/\/blogdorogeriogomes.com.br\/noticias\/wp-json\/wp\/v2\/posts"}],"about":[{"href":"https:\/\/blogdorogeriogomes.com.br\/noticias\/wp-json\/wp\/v2\/types\/post"}],"author":[{"embeddable":true,"href":"https:\/\/blogdorogeriogomes.com.br\/noticias\/wp-json\/wp\/v2\/users\/1"}],"replies":[{"embeddable":true,"href":"https:\/\/blogdorogeriogomes.com.br\/noticias\/wp-json\/wp\/v2\/comments?post=25156"}],"version-history":[{"count":1,"href":"https:\/\/blogdorogeriogomes.com.br\/noticias\/wp-json\/wp\/v2\/posts\/25156\/revisions"}],"predecessor-version":[{"id":25158,"href":"https:\/\/blogdorogeriogomes.com.br\/noticias\/wp-json\/wp\/v2\/posts\/25156\/revisions\/25158"}],"wp:featuredmedia":[{"embeddable":true,"href":"https:\/\/blogdorogeriogomes.com.br\/noticias\/wp-json\/wp\/v2\/media\/25157"}],"wp:attachment":[{"href":"https:\/\/blogdorogeriogomes.com.br\/noticias\/wp-json\/wp\/v2\/media?parent=25156"}],"wp:term":[{"taxonomy":"category","embeddable":true,"href":"https:\/\/blogdorogeriogomes.com.br\/noticias\/wp-json\/wp\/v2\/categories?post=25156"},{"taxonomy":"post_tag","embeddable":true,"href":"https:\/\/blogdorogeriogomes.com.br\/noticias\/wp-json\/wp\/v2\/tags?post=25156"}],"curies":[{"name":"wp","href":"https:\/\/api.w.org\/{rel}","templated":true}]}}