{"id":25163,"date":"2022-04-28T11:18:15","date_gmt":"2022-04-28T11:18:15","guid":{"rendered":"https:\/\/blogdorogeriogomes.com.br\/?p=25163"},"modified":"2022-04-29T11:54:42","modified_gmt":"2022-04-29T11:54:42","slug":"relatorio-do-ministerio-da-saude-revela-que-nenhuma-crianca-ou-adolescente-morreu-no-pais-por-causa-da-vacina-da-covid-19","status":"publish","type":"post","link":"https:\/\/blogdorogeriogomes.com.br\/noticias\/2022\/04\/relatorio-do-ministerio-da-saude-revela-que-nenhuma-crianca-ou-adolescente-morreu-no-pais-por-causa-da-vacina-da-covid-19\/","title":{"rendered":"Relat\u00f3rio do Minist\u00e9rio da Sa\u00fade revela que nenhuma crian\u00e7a ou adolescente morreu no Pa\u00eds por causa da vacina da Covid-19"},"content":{"rendered":"\n<p>Apesar de toda a campanha do Governo Bolsonaro contra a vacina\u00e7\u00e3o de crian\u00e7as e adolescentes, colocando medo nos pais sobre a efic\u00e1cia da vacina contra a Covid-19, relat\u00f3rio do pr\u00f3prio Minist\u00e9rio da Sa\u00fade aponta que 10 meses ap\u00f3s in\u00edcio da vacina\u00e7\u00e3o na faixa et\u00e1ria abaixo de 18 anos no Brasil, nenhuma crian\u00e7a ou adolescente morreu em decorr\u00eancia de efeito adverso do imunizante. O dado consta em boletim epidemiol\u00f3gico especial do Minist\u00e9rio da Sa\u00fade, que investigou 38 \u00f3bitos notificados por estados e munic\u00edpios e descartou que eles tenham sido provocados pela vacina.<\/p>\n\n\n\n<p>A vacina\u00e7\u00e3o de adolescentes foi aprovada no dia 11 de junho de 2021 pela Anvisa (Ag\u00eancia Nacional de Vigil\u00e2ncia Sanit\u00e1ria), que liberou a vacina da Pfizer para a faixa et\u00e1ria de 12 a 17 anos. A vacina para crian\u00e7as entre 5 e 11 anos foi liberada apenas em dezembro do ano passado.<\/p>\n\n\n\n<figure class=\"wp-block-image size-full\"><img loading=\"lazy\" decoding=\"async\" width=\"678\" height=\"452\" src=\"https:\/\/blogdorogeriogomes.com.br\/wp-content\/uploads\/2022\/04\/images-28.jpeg\" alt=\"\" class=\"wp-image-25164\" srcset=\"https:\/\/blogdorogeriogomes.com.br\/noticias\/wp-content\/uploads\/2022\/04\/images-28.jpeg 678w, https:\/\/blogdorogeriogomes.com.br\/noticias\/wp-content\/uploads\/2022\/04\/images-28-300x200.jpeg 300w\" sizes=\"auto, (max-width: 678px) 100vw, 678px\" \/><\/figure>\n\n\n\n<p><br><\/p>\n","protected":false},"excerpt":{"rendered":"<p>Apesar de toda a campanha do Governo Bolsonaro contra a vacina\u00e7\u00e3o de crian\u00e7as e adolescentes, colocando medo nos pais sobre a efic\u00e1cia da vacina contra a Covid-19, relat\u00f3rio do pr\u00f3prio Minist\u00e9rio da Sa\u00fade aponta que 10 meses ap\u00f3s in\u00edcio da vacina\u00e7\u00e3o na faixa et\u00e1ria abaixo de 18 anos no Brasil, nenhuma crian\u00e7a ou adolescente morreu em decorr\u00eancia de efeito adverso do imunizante. O dado consta em boletim epidemiol\u00f3gico especial do Minist\u00e9rio da Sa\u00fade, que investigou 38 \u00f3bitos notificados por&hellip;<\/p>\n","protected":false},"author":1,"featured_media":25164,"comment_status":"open","ping_status":"open","sticky":false,"template":"","format":"standard","meta":{"footnotes":""},"categories":[1],"tags":[],"class_list":["post-25163","post","type-post","status-publish","format-standard","has-post-thumbnail","hentry","category-noticias"],"_links":{"self":[{"href":"https:\/\/blogdorogeriogomes.com.br\/noticias\/wp-json\/wp\/v2\/posts\/25163","targetHints":{"allow":["GET"]}}],"collection":[{"href":"https:\/\/blogdorogeriogomes.com.br\/noticias\/wp-json\/wp\/v2\/posts"}],"about":[{"href":"https:\/\/blogdorogeriogomes.com.br\/noticias\/wp-json\/wp\/v2\/types\/post"}],"author":[{"embeddable":true,"href":"https:\/\/blogdorogeriogomes.com.br\/noticias\/wp-json\/wp\/v2\/users\/1"}],"replies":[{"embeddable":true,"href":"https:\/\/blogdorogeriogomes.com.br\/noticias\/wp-json\/wp\/v2\/comments?post=25163"}],"version-history":[{"count":1,"href":"https:\/\/blogdorogeriogomes.com.br\/noticias\/wp-json\/wp\/v2\/posts\/25163\/revisions"}],"predecessor-version":[{"id":25165,"href":"https:\/\/blogdorogeriogomes.com.br\/noticias\/wp-json\/wp\/v2\/posts\/25163\/revisions\/25165"}],"wp:featuredmedia":[{"embeddable":true,"href":"https:\/\/blogdorogeriogomes.com.br\/noticias\/wp-json\/wp\/v2\/media\/25164"}],"wp:attachment":[{"href":"https:\/\/blogdorogeriogomes.com.br\/noticias\/wp-json\/wp\/v2\/media?parent=25163"}],"wp:term":[{"taxonomy":"category","embeddable":true,"href":"https:\/\/blogdorogeriogomes.com.br\/noticias\/wp-json\/wp\/v2\/categories?post=25163"},{"taxonomy":"post_tag","embeddable":true,"href":"https:\/\/blogdorogeriogomes.com.br\/noticias\/wp-json\/wp\/v2\/tags?post=25163"}],"curies":[{"name":"wp","href":"https:\/\/api.w.org\/{rel}","templated":true}]}}