{"id":25166,"date":"2022-04-28T11:38:03","date_gmt":"2022-04-28T11:38:03","guid":{"rendered":"https:\/\/blogdorogeriogomes.com.br\/?p=25166"},"modified":"2022-04-29T11:53:47","modified_gmt":"2022-04-29T11:53:47","slug":"lula-e-alckmin-iniciam-viagens-pelo-pais-na-primeira-quinzena-de-maio","status":"publish","type":"post","link":"https:\/\/blogdorogeriogomes.com.br\/noticias\/2022\/04\/lula-e-alckmin-iniciam-viagens-pelo-pais-na-primeira-quinzena-de-maio\/","title":{"rendered":"Lula e Alckmin iniciam viagens pelo Pa\u00eds na primeira quinzena de maio"},"content":{"rendered":"\n<p>O an\u00fancio oficial da chapa Lula\/Geraldo Alckmin para a Presid\u00eancia da Rep\u00fablica acontece no pr\u00f3ximo dia 7 de maio, em S\u00e3o Paulo. Depois da data, a dupla deve iniciar uma s\u00e9rie de viagens pelo Pa\u00eds com o objetivo de discutir o programa da chapa, caso chegue ao Planalto em outubro. <\/p>\n\n\n\n<p>De 9 a 11 de maio, o petista e o ex-tucano estar\u00e3o em Minas Gerais, num roteiro por Belo Horizonte, Contagem e Juiz de Fora. Na segunda quinzena do m\u00eas, ir\u00e3o a Rio Grande do Sul e Santa Catarina. Geraldo Alckmin deve ser o interlocutor junto a segmentos como o agro, conservadores cat\u00f3licos, comerciantes e empres\u00e1rios.<\/p>\n\n\n\n<p>Nesta quinta-feira, dia 28 de abril, Lula est\u00e1 em Bras\u00edlia onde mant\u00e9m contatos com lideran\u00e7as pol\u00edticas do PSD, de Gilberto Kassab, e do MDB, de Renan Calheiros. Lula busca apoio dos dois partidos ainda no primeiro turno. O petista participa de eventos na Capital Federal dos j\u00e1 aliados PSB e Rede Sustentabilidade.<\/p>\n\n\n\n<figure class=\"wp-block-image size-full is-resized\"><img loading=\"lazy\" decoding=\"async\" src=\"https:\/\/blogdorogeriogomes.com.br\/wp-content\/uploads\/2022\/04\/images-29.jpeg\" alt=\"\" class=\"wp-image-25167\" width=\"335\" height=\"188\" srcset=\"https:\/\/blogdorogeriogomes.com.br\/noticias\/wp-content\/uploads\/2022\/04\/images-29.jpeg 739w, https:\/\/blogdorogeriogomes.com.br\/noticias\/wp-content\/uploads\/2022\/04\/images-29-300x168.jpeg 300w\" sizes=\"auto, (max-width: 335px) 100vw, 335px\" \/><\/figure>\n\n\n\n<p><\/p>\n","protected":false},"excerpt":{"rendered":"<p>O an\u00fancio oficial da chapa Lula\/Geraldo Alckmin para a Presid\u00eancia da Rep\u00fablica acontece no pr\u00f3ximo dia 7 de maio, em S\u00e3o Paulo. Depois da data, a dupla deve iniciar uma s\u00e9rie de viagens pelo Pa\u00eds com o objetivo de discutir o programa da chapa, caso chegue ao Planalto em outubro. De 9 a 11 de maio, o petista e o ex-tucano estar\u00e3o em Minas Gerais, num roteiro por Belo Horizonte, Contagem e Juiz de Fora. Na segunda quinzena do&hellip;<\/p>\n","protected":false},"author":1,"featured_media":25167,"comment_status":"open","ping_status":"open","sticky":false,"template":"","format":"standard","meta":{"footnotes":""},"categories":[1],"tags":[],"class_list":["post-25166","post","type-post","status-publish","format-standard","has-post-thumbnail","hentry","category-noticias"],"_links":{"self":[{"href":"https:\/\/blogdorogeriogomes.com.br\/noticias\/wp-json\/wp\/v2\/posts\/25166","targetHints":{"allow":["GET"]}}],"collection":[{"href":"https:\/\/blogdorogeriogomes.com.br\/noticias\/wp-json\/wp\/v2\/posts"}],"about":[{"href":"https:\/\/blogdorogeriogomes.com.br\/noticias\/wp-json\/wp\/v2\/types\/post"}],"author":[{"embeddable":true,"href":"https:\/\/blogdorogeriogomes.com.br\/noticias\/wp-json\/wp\/v2\/users\/1"}],"replies":[{"embeddable":true,"href":"https:\/\/blogdorogeriogomes.com.br\/noticias\/wp-json\/wp\/v2\/comments?post=25166"}],"version-history":[{"count":1,"href":"https:\/\/blogdorogeriogomes.com.br\/noticias\/wp-json\/wp\/v2\/posts\/25166\/revisions"}],"predecessor-version":[{"id":25168,"href":"https:\/\/blogdorogeriogomes.com.br\/noticias\/wp-json\/wp\/v2\/posts\/25166\/revisions\/25168"}],"wp:featuredmedia":[{"embeddable":true,"href":"https:\/\/blogdorogeriogomes.com.br\/noticias\/wp-json\/wp\/v2\/media\/25167"}],"wp:attachment":[{"href":"https:\/\/blogdorogeriogomes.com.br\/noticias\/wp-json\/wp\/v2\/media?parent=25166"}],"wp:term":[{"taxonomy":"category","embeddable":true,"href":"https:\/\/blogdorogeriogomes.com.br\/noticias\/wp-json\/wp\/v2\/categories?post=25166"},{"taxonomy":"post_tag","embeddable":true,"href":"https:\/\/blogdorogeriogomes.com.br\/noticias\/wp-json\/wp\/v2\/tags?post=25166"}],"curies":[{"name":"wp","href":"https:\/\/api.w.org\/{rel}","templated":true}]}}