{"id":25172,"date":"2022-04-29T00:10:48","date_gmt":"2022-04-29T00:10:48","guid":{"rendered":"https:\/\/blogdorogeriogomes.com.br\/?p=25172"},"modified":"2022-05-02T10:25:19","modified_gmt":"2022-05-02T10:25:19","slug":"oab-e-assembleia-legislativa-vao-entrar-com-acao-publica-contra-o-aumento-da-energia-eletrica-no-ceara","status":"publish","type":"post","link":"https:\/\/blogdorogeriogomes.com.br\/noticias\/2022\/04\/oab-e-assembleia-legislativa-vao-entrar-com-acao-publica-contra-o-aumento-da-energia-eletrica-no-ceara\/","title":{"rendered":"OAB e Assembleia Legislativa v\u00e3o entrar com a\u00e7\u00e3o p\u00fablica contra o aumento da energia el\u00e9trica no Cear\u00e1"},"content":{"rendered":"\n<p>O aumento de 24,88% na tarifa de energia el\u00e9trica, anunciado pela Enel Distribui\u00e7\u00e3o Cear\u00e1, gerou rea\u00e7\u00e3o no Poder Legislativo Estadual. Nesta quinta-feira, dia 28 de abril, o presidente da Assembleia Legislativa, Evandro Leit\u00e3o, confirmou que o Poder Legislativo, por meio do Procon, ao lado do Minist\u00e9rio P\u00fablico do Estado do Cear\u00e1, dar\u00e1 entrada at\u00e9 o in\u00edcio da pr\u00f3xima semana em a\u00e7\u00e3o civil p\u00fablica contra o reajuste autorizado pela Ag\u00eancia Nacional de Energia El\u00e9trica (Aneel).<br>Al\u00e9m disso, ser\u00e1 formado um grupo de parlamentares suprapartid\u00e1rio para avaliar o contrato de concess\u00e3o da Enel Distribui\u00e7\u00e3o, com prazo para apresentar resultados. A Enel \u00e9 respons\u00e1vel pela distribui\u00e7\u00e3o de energia el\u00e9trica no Cear\u00e1.<\/p>\n\n\n\n<p>J\u00e1 o Conselho Pleno da Ordem dos Advogados do Brasil (OAB-Cear\u00e1) aprovou, por unanimidade, que o \u00f3rg\u00e3o entre com uma a\u00e7\u00e3o civil p\u00fablica contra a Enel. A a\u00e7\u00e3o foi aprovada em uma sess\u00e3o extraordin\u00e1ria, que tamb\u00e9m contou com a participa\u00e7\u00e3o de um representante da Enel. O presidente da OAB-CE, Erinaldo Dantas, disse que o aumento na conta de energia significa &#8220;falta empatia&#8221; por parte da Ag\u00eancia Nacional de Energia El\u00e9trica (Aneel), que aprovou o reajuste.<\/p>\n\n\n\n<figure class=\"wp-block-image size-full\"><img loading=\"lazy\" decoding=\"async\" width=\"900\" height=\"599\" src=\"https:\/\/blogdorogeriogomes.com.br\/wp-content\/uploads\/2022\/04\/dd51f2606d503026233f352f66cc5352_XL.jpg\" alt=\"\" class=\"wp-image-25173\" srcset=\"https:\/\/blogdorogeriogomes.com.br\/noticias\/wp-content\/uploads\/2022\/04\/dd51f2606d503026233f352f66cc5352_XL.jpg 900w, https:\/\/blogdorogeriogomes.com.br\/noticias\/wp-content\/uploads\/2022\/04\/dd51f2606d503026233f352f66cc5352_XL-300x200.jpg 300w, https:\/\/blogdorogeriogomes.com.br\/noticias\/wp-content\/uploads\/2022\/04\/dd51f2606d503026233f352f66cc5352_XL-768x511.jpg 768w, https:\/\/blogdorogeriogomes.com.br\/noticias\/wp-content\/uploads\/2022\/04\/dd51f2606d503026233f352f66cc5352_XL-800x532.jpg 800w\" sizes=\"auto, (max-width: 900px) 100vw, 900px\" \/><\/figure>\n","protected":false},"excerpt":{"rendered":"<p>O aumento de 24,88% na tarifa de energia el\u00e9trica, anunciado pela Enel Distribui\u00e7\u00e3o Cear\u00e1, gerou rea\u00e7\u00e3o no Poder Legislativo Estadual. Nesta quinta-feira, dia 28 de abril, o presidente da Assembleia Legislativa, Evandro Leit\u00e3o, confirmou que o Poder Legislativo, por meio do Procon, ao lado do Minist\u00e9rio P\u00fablico do Estado do Cear\u00e1, dar\u00e1 entrada at\u00e9 o in\u00edcio da pr\u00f3xima semana em a\u00e7\u00e3o civil p\u00fablica contra o reajuste autorizado pela Ag\u00eancia Nacional de Energia El\u00e9trica (Aneel).Al\u00e9m disso, ser\u00e1 formado um grupo&hellip;<\/p>\n","protected":false},"author":1,"featured_media":25173,"comment_status":"open","ping_status":"open","sticky":false,"template":"","format":"standard","meta":{"footnotes":""},"categories":[1],"tags":[],"class_list":["post-25172","post","type-post","status-publish","format-standard","has-post-thumbnail","hentry","category-noticias"],"_links":{"self":[{"href":"https:\/\/blogdorogeriogomes.com.br\/noticias\/wp-json\/wp\/v2\/posts\/25172","targetHints":{"allow":["GET"]}}],"collection":[{"href":"https:\/\/blogdorogeriogomes.com.br\/noticias\/wp-json\/wp\/v2\/posts"}],"about":[{"href":"https:\/\/blogdorogeriogomes.com.br\/noticias\/wp-json\/wp\/v2\/types\/post"}],"author":[{"embeddable":true,"href":"https:\/\/blogdorogeriogomes.com.br\/noticias\/wp-json\/wp\/v2\/users\/1"}],"replies":[{"embeddable":true,"href":"https:\/\/blogdorogeriogomes.com.br\/noticias\/wp-json\/wp\/v2\/comments?post=25172"}],"version-history":[{"count":1,"href":"https:\/\/blogdorogeriogomes.com.br\/noticias\/wp-json\/wp\/v2\/posts\/25172\/revisions"}],"predecessor-version":[{"id":25174,"href":"https:\/\/blogdorogeriogomes.com.br\/noticias\/wp-json\/wp\/v2\/posts\/25172\/revisions\/25174"}],"wp:featuredmedia":[{"embeddable":true,"href":"https:\/\/blogdorogeriogomes.com.br\/noticias\/wp-json\/wp\/v2\/media\/25173"}],"wp:attachment":[{"href":"https:\/\/blogdorogeriogomes.com.br\/noticias\/wp-json\/wp\/v2\/media?parent=25172"}],"wp:term":[{"taxonomy":"category","embeddable":true,"href":"https:\/\/blogdorogeriogomes.com.br\/noticias\/wp-json\/wp\/v2\/categories?post=25172"},{"taxonomy":"post_tag","embeddable":true,"href":"https:\/\/blogdorogeriogomes.com.br\/noticias\/wp-json\/wp\/v2\/tags?post=25172"}],"curies":[{"name":"wp","href":"https:\/\/api.w.org\/{rel}","templated":true}]}}