{"id":25175,"date":"2022-04-29T10:26:36","date_gmt":"2022-04-29T10:26:36","guid":{"rendered":"https:\/\/blogdorogeriogomes.com.br\/?p=25175"},"modified":"2022-04-29T11:53:22","modified_gmt":"2022-04-29T11:53:22","slug":"ciro-gomes-e-provocado-e-bate-boca-com-bolsonaristas-em-feira-no-interior-de-sao-paulo","status":"publish","type":"post","link":"https:\/\/blogdorogeriogomes.com.br\/noticias\/2022\/04\/ciro-gomes-e-provocado-e-bate-boca-com-bolsonaristas-em-feira-no-interior-de-sao-paulo\/","title":{"rendered":"Ciro Gomes \u00e9 provocado e bate boca com bolsonaristas em feira no interior de S\u00e3o Paulo"},"content":{"rendered":"\n<p>A campanha eleitoral nem come\u00e7ou oficialmente e as provoca\u00e7\u00f5es a pr\u00e9-candidatos j\u00e1 come\u00e7ou. Ciro Gomes (PDT) foi o primeiro a ter bate-boca com advers\u00e1rios. Desta vez, o caso ocorreu durante visita \u00e0&nbsp;Agrishow,&nbsp;feira de agroneg\u00f3cios que acontece em&nbsp;Ribeir\u00e3o Preto (SP). Ciro Gomes foi hostilizado por bolsonaristas que visitavam a feira e reagiu. A discuss\u00e3o com diversos eleitores de Jair Bolsonaro foi registrada em v\u00eddeos que circulam nas redes sociais.<\/p>\n\n\n\n<p>O pedetista disse ter agido com veem\u00eancia ap\u00f3s ser insultado e ter sofrido tentativas de agress\u00e3o f\u00edsica por parte de apoiadores do presidente&nbsp;Bolsonaro.<\/p>\n\n\n\n<p>As provoca\u00e7\u00f5es entre advers\u00e1rios ser\u00e3o uma constante durante a campanha eleitoral de 2022.<\/p>\n\n\n\n<figure class=\"wp-block-image size-full\"><img loading=\"lazy\" decoding=\"async\" width=\"739\" height=\"415\" src=\"https:\/\/blogdorogeriogomes.com.br\/wp-content\/uploads\/2022\/04\/images-30.jpeg\" alt=\"\" class=\"wp-image-25176\" srcset=\"https:\/\/blogdorogeriogomes.com.br\/noticias\/wp-content\/uploads\/2022\/04\/images-30.jpeg 739w, https:\/\/blogdorogeriogomes.com.br\/noticias\/wp-content\/uploads\/2022\/04\/images-30-300x168.jpeg 300w\" sizes=\"auto, (max-width: 739px) 100vw, 739px\" \/><\/figure>\n","protected":false},"excerpt":{"rendered":"<p>A campanha eleitoral nem come\u00e7ou oficialmente e as provoca\u00e7\u00f5es a pr\u00e9-candidatos j\u00e1 come\u00e7ou. Ciro Gomes (PDT) foi o primeiro a ter bate-boca com advers\u00e1rios. Desta vez, o caso ocorreu durante visita \u00e0&nbsp;Agrishow,&nbsp;feira de agroneg\u00f3cios que acontece em&nbsp;Ribeir\u00e3o Preto (SP). Ciro Gomes foi hostilizado por bolsonaristas que visitavam a feira e reagiu. A discuss\u00e3o com diversos eleitores de Jair Bolsonaro foi registrada em v\u00eddeos que circulam nas redes sociais. O pedetista disse ter agido com veem\u00eancia ap\u00f3s ser insultado e&hellip;<\/p>\n","protected":false},"author":1,"featured_media":25176,"comment_status":"open","ping_status":"open","sticky":false,"template":"","format":"standard","meta":{"footnotes":""},"categories":[1],"tags":[],"class_list":["post-25175","post","type-post","status-publish","format-standard","has-post-thumbnail","hentry","category-noticias"],"_links":{"self":[{"href":"https:\/\/blogdorogeriogomes.com.br\/noticias\/wp-json\/wp\/v2\/posts\/25175","targetHints":{"allow":["GET"]}}],"collection":[{"href":"https:\/\/blogdorogeriogomes.com.br\/noticias\/wp-json\/wp\/v2\/posts"}],"about":[{"href":"https:\/\/blogdorogeriogomes.com.br\/noticias\/wp-json\/wp\/v2\/types\/post"}],"author":[{"embeddable":true,"href":"https:\/\/blogdorogeriogomes.com.br\/noticias\/wp-json\/wp\/v2\/users\/1"}],"replies":[{"embeddable":true,"href":"https:\/\/blogdorogeriogomes.com.br\/noticias\/wp-json\/wp\/v2\/comments?post=25175"}],"version-history":[{"count":2,"href":"https:\/\/blogdorogeriogomes.com.br\/noticias\/wp-json\/wp\/v2\/posts\/25175\/revisions"}],"predecessor-version":[{"id":25181,"href":"https:\/\/blogdorogeriogomes.com.br\/noticias\/wp-json\/wp\/v2\/posts\/25175\/revisions\/25181"}],"wp:featuredmedia":[{"embeddable":true,"href":"https:\/\/blogdorogeriogomes.com.br\/noticias\/wp-json\/wp\/v2\/media\/25176"}],"wp:attachment":[{"href":"https:\/\/blogdorogeriogomes.com.br\/noticias\/wp-json\/wp\/v2\/media?parent=25175"}],"wp:term":[{"taxonomy":"category","embeddable":true,"href":"https:\/\/blogdorogeriogomes.com.br\/noticias\/wp-json\/wp\/v2\/categories?post=25175"},{"taxonomy":"post_tag","embeddable":true,"href":"https:\/\/blogdorogeriogomes.com.br\/noticias\/wp-json\/wp\/v2\/tags?post=25175"}],"curies":[{"name":"wp","href":"https:\/\/api.w.org\/{rel}","templated":true}]}}