{"id":25178,"date":"2022-04-29T10:42:01","date_gmt":"2022-04-29T10:42:01","guid":{"rendered":"https:\/\/blogdorogeriogomes.com.br\/?p=25178"},"modified":"2022-04-29T11:53:11","modified_gmt":"2022-04-29T11:53:11","slug":"fortaleza-realiza-dia-d-de-vacinacao-neste-sabado-sarampo-e-influenza-estao-entre-as-prioridades","status":"publish","type":"post","link":"https:\/\/blogdorogeriogomes.com.br\/noticias\/2022\/04\/fortaleza-realiza-dia-d-de-vacinacao-neste-sabado-sarampo-e-influenza-estao-entre-as-prioridades\/","title":{"rendered":"Fortaleza realiza &#8220;Dia D&#8221; de vacina\u00e7\u00e3o neste s\u00e1bado. Sarampo e Influenza est\u00e3o entre as prioridades"},"content":{"rendered":"\n<p>Neste s\u00e1bado, dia 30 de abril, a Prefeitura de Fortaleza realiza o Dia D de vacina\u00e7\u00e3o em 113 postos de sa\u00fade da Capital e quatro pontos de aplica\u00e7\u00e3o, das 8 \u00e0s 17 horas. O objetivo \u00e9 ampliar a oferta da vacina durante o fim de semana, aumentando tamb\u00e9m os \u00edndices da vacina\u00e7\u00e3o de rotina e das campanhas contra a influenza e o sarampo.<\/p>\n\n\n\n<p>Na rede municipal, s\u00e3o ofertadas 14 vacinas para as crian\u00e7as: BCG, Hepatite B, Rotav\u00edrus, Pentavalente, P\u00f3lio Inativada, Pneumoc\u00f3cica 10 Valente, Meningite C, Tr\u00edplice Viral, Hepatite A, Varicela, P\u00f3lio Oral, Tr\u00edplice Bacteriana (DTP), Febre Amarela e, tamb\u00e9m, HPV (para meninas entre nove e 14 anos de idade).<\/p>\n\n\n\n<figure class=\"wp-block-image size-large\"><img loading=\"lazy\" decoding=\"async\" width=\"1024\" height=\"602\" src=\"https:\/\/blogdorogeriogomes.com.br\/wp-content\/uploads\/2022\/04\/27-04-2022-Vacina-31-1024x602.jpg\" alt=\"\" class=\"wp-image-25179\" srcset=\"https:\/\/blogdorogeriogomes.com.br\/noticias\/wp-content\/uploads\/2022\/04\/27-04-2022-Vacina-31-1024x602.jpg 1024w, https:\/\/blogdorogeriogomes.com.br\/noticias\/wp-content\/uploads\/2022\/04\/27-04-2022-Vacina-31-300x176.jpg 300w, https:\/\/blogdorogeriogomes.com.br\/noticias\/wp-content\/uploads\/2022\/04\/27-04-2022-Vacina-31-768x451.jpg 768w, https:\/\/blogdorogeriogomes.com.br\/noticias\/wp-content\/uploads\/2022\/04\/27-04-2022-Vacina-31-1536x903.jpg 1536w, https:\/\/blogdorogeriogomes.com.br\/noticias\/wp-content\/uploads\/2022\/04\/27-04-2022-Vacina-31-2048x1203.jpg 2048w, https:\/\/blogdorogeriogomes.com.br\/noticias\/wp-content\/uploads\/2022\/04\/27-04-2022-Vacina-31-800x470.jpg 800w\" sizes=\"auto, (max-width: 1024px) 100vw, 1024px\" \/><\/figure>\n","protected":false},"excerpt":{"rendered":"<p>Neste s\u00e1bado, dia 30 de abril, a Prefeitura de Fortaleza realiza o Dia D de vacina\u00e7\u00e3o em 113 postos de sa\u00fade da Capital e quatro pontos de aplica\u00e7\u00e3o, das 8 \u00e0s 17 horas. O objetivo \u00e9 ampliar a oferta da vacina durante o fim de semana, aumentando tamb\u00e9m os \u00edndices da vacina\u00e7\u00e3o de rotina e das campanhas contra a influenza e o sarampo. Na rede municipal, s\u00e3o ofertadas 14 vacinas para as crian\u00e7as: BCG, Hepatite B, Rotav\u00edrus, Pentavalente, P\u00f3lio&hellip;<\/p>\n","protected":false},"author":1,"featured_media":25179,"comment_status":"open","ping_status":"open","sticky":false,"template":"","format":"standard","meta":{"footnotes":""},"categories":[1],"tags":[],"class_list":["post-25178","post","type-post","status-publish","format-standard","has-post-thumbnail","hentry","category-noticias"],"_links":{"self":[{"href":"https:\/\/blogdorogeriogomes.com.br\/noticias\/wp-json\/wp\/v2\/posts\/25178","targetHints":{"allow":["GET"]}}],"collection":[{"href":"https:\/\/blogdorogeriogomes.com.br\/noticias\/wp-json\/wp\/v2\/posts"}],"about":[{"href":"https:\/\/blogdorogeriogomes.com.br\/noticias\/wp-json\/wp\/v2\/types\/post"}],"author":[{"embeddable":true,"href":"https:\/\/blogdorogeriogomes.com.br\/noticias\/wp-json\/wp\/v2\/users\/1"}],"replies":[{"embeddable":true,"href":"https:\/\/blogdorogeriogomes.com.br\/noticias\/wp-json\/wp\/v2\/comments?post=25178"}],"version-history":[{"count":1,"href":"https:\/\/blogdorogeriogomes.com.br\/noticias\/wp-json\/wp\/v2\/posts\/25178\/revisions"}],"predecessor-version":[{"id":25180,"href":"https:\/\/blogdorogeriogomes.com.br\/noticias\/wp-json\/wp\/v2\/posts\/25178\/revisions\/25180"}],"wp:featuredmedia":[{"embeddable":true,"href":"https:\/\/blogdorogeriogomes.com.br\/noticias\/wp-json\/wp\/v2\/media\/25179"}],"wp:attachment":[{"href":"https:\/\/blogdorogeriogomes.com.br\/noticias\/wp-json\/wp\/v2\/media?parent=25178"}],"wp:term":[{"taxonomy":"category","embeddable":true,"href":"https:\/\/blogdorogeriogomes.com.br\/noticias\/wp-json\/wp\/v2\/categories?post=25178"},{"taxonomy":"post_tag","embeddable":true,"href":"https:\/\/blogdorogeriogomes.com.br\/noticias\/wp-json\/wp\/v2\/tags?post=25178"}],"curies":[{"name":"wp","href":"https:\/\/api.w.org\/{rel}","templated":true}]}}