{"id":25183,"date":"2022-04-29T22:51:45","date_gmt":"2022-04-29T22:51:45","guid":{"rendered":"https:\/\/blogdorogeriogomes.com.br\/?p=25183"},"modified":"2022-05-02T10:24:47","modified_gmt":"2022-05-02T10:24:47","slug":"novos-boxes-da-feirinha-da-beira-mar-comecam-a-ser-entregues-neste-sabado","status":"publish","type":"post","link":"https:\/\/blogdorogeriogomes.com.br\/noticias\/2022\/04\/novos-boxes-da-feirinha-da-beira-mar-comecam-a-ser-entregues-neste-sabado\/","title":{"rendered":"Novos boxes da Feirinha da Beira-Mar come\u00e7am a ser entregues neste s\u00e1bado"},"content":{"rendered":"\n<p>A Prefeitura de Fortaleza come\u00e7a a entregar, neste s\u00e1bado, dia 30 de abril, as chaves dos boxes que comp\u00f5em a nova Feirinha da Beira-Mar. Ao todo, 650 permission\u00e1rios ser\u00e3o contemplados com a entrega das chaves de acesso, permiss\u00e3o de uso, coletes e crach\u00e1s. A partir deste final de semana, os comerciantes ter\u00e3o cerca de 20 dias para realizar a mudan\u00e7a para o seu local definitivo, quando o espa\u00e7o poder\u00e1 ser ent\u00e3o aberto ao p\u00fablico.<\/p>\n\n\n\n<p>A Feirinha da Beira-Mar \u00e9 um dos principais atrativos tur\u00edsticos da Cidade. O equipamento, que existe desde a d\u00e9cada de 1980, desempenha importante papel para a economia da Capital. O projeto da nova Feirinha da Beira-Mar, executado pela Secretaria Municipal da Infraestrutura (Seinf), contemplou a constru\u00e7\u00e3o de 712 boxes padronizados, destinados a comercializa\u00e7\u00e3o de produtos, \u00e0 sede da Associa\u00e7\u00e3o dos Feirantes de Artesanato da Beira-Mar (Asfabem), al\u00e9m de central para quadros de energia e caixas eletr\u00f4nicos.<\/p>\n\n\n\n<figure class=\"wp-block-image size-large\"><img loading=\"lazy\" decoding=\"async\" width=\"1024\" height=\"602\" src=\"https:\/\/blogdorogeriogomes.com.br\/wp-content\/uploads\/2022\/04\/29-04-2022-BeiraMar-1-1024x602.jpg\" alt=\"\" class=\"wp-image-25184\" srcset=\"https:\/\/blogdorogeriogomes.com.br\/noticias\/wp-content\/uploads\/2022\/04\/29-04-2022-BeiraMar-1-1024x602.jpg 1024w, https:\/\/blogdorogeriogomes.com.br\/noticias\/wp-content\/uploads\/2022\/04\/29-04-2022-BeiraMar-1-300x176.jpg 300w, https:\/\/blogdorogeriogomes.com.br\/noticias\/wp-content\/uploads\/2022\/04\/29-04-2022-BeiraMar-1-768x451.jpg 768w, https:\/\/blogdorogeriogomes.com.br\/noticias\/wp-content\/uploads\/2022\/04\/29-04-2022-BeiraMar-1-1536x902.jpg 1536w, https:\/\/blogdorogeriogomes.com.br\/noticias\/wp-content\/uploads\/2022\/04\/29-04-2022-BeiraMar-1-800x470.jpg 800w, https:\/\/blogdorogeriogomes.com.br\/noticias\/wp-content\/uploads\/2022\/04\/29-04-2022-BeiraMar-1.jpg 1920w\" sizes=\"auto, (max-width: 1024px) 100vw, 1024px\" \/><\/figure>\n","protected":false},"excerpt":{"rendered":"<p>A Prefeitura de Fortaleza come\u00e7a a entregar, neste s\u00e1bado, dia 30 de abril, as chaves dos boxes que comp\u00f5em a nova Feirinha da Beira-Mar. Ao todo, 650 permission\u00e1rios ser\u00e3o contemplados com a entrega das chaves de acesso, permiss\u00e3o de uso, coletes e crach\u00e1s. A partir deste final de semana, os comerciantes ter\u00e3o cerca de 20 dias para realizar a mudan\u00e7a para o seu local definitivo, quando o espa\u00e7o poder\u00e1 ser ent\u00e3o aberto ao p\u00fablico. A Feirinha da Beira-Mar \u00e9&hellip;<\/p>\n","protected":false},"author":1,"featured_media":25184,"comment_status":"open","ping_status":"open","sticky":false,"template":"","format":"standard","meta":{"footnotes":""},"categories":[1],"tags":[],"class_list":["post-25183","post","type-post","status-publish","format-standard","has-post-thumbnail","hentry","category-noticias"],"_links":{"self":[{"href":"https:\/\/blogdorogeriogomes.com.br\/noticias\/wp-json\/wp\/v2\/posts\/25183","targetHints":{"allow":["GET"]}}],"collection":[{"href":"https:\/\/blogdorogeriogomes.com.br\/noticias\/wp-json\/wp\/v2\/posts"}],"about":[{"href":"https:\/\/blogdorogeriogomes.com.br\/noticias\/wp-json\/wp\/v2\/types\/post"}],"author":[{"embeddable":true,"href":"https:\/\/blogdorogeriogomes.com.br\/noticias\/wp-json\/wp\/v2\/users\/1"}],"replies":[{"embeddable":true,"href":"https:\/\/blogdorogeriogomes.com.br\/noticias\/wp-json\/wp\/v2\/comments?post=25183"}],"version-history":[{"count":1,"href":"https:\/\/blogdorogeriogomes.com.br\/noticias\/wp-json\/wp\/v2\/posts\/25183\/revisions"}],"predecessor-version":[{"id":25185,"href":"https:\/\/blogdorogeriogomes.com.br\/noticias\/wp-json\/wp\/v2\/posts\/25183\/revisions\/25185"}],"wp:featuredmedia":[{"embeddable":true,"href":"https:\/\/blogdorogeriogomes.com.br\/noticias\/wp-json\/wp\/v2\/media\/25184"}],"wp:attachment":[{"href":"https:\/\/blogdorogeriogomes.com.br\/noticias\/wp-json\/wp\/v2\/media?parent=25183"}],"wp:term":[{"taxonomy":"category","embeddable":true,"href":"https:\/\/blogdorogeriogomes.com.br\/noticias\/wp-json\/wp\/v2\/categories?post=25183"},{"taxonomy":"post_tag","embeddable":true,"href":"https:\/\/blogdorogeriogomes.com.br\/noticias\/wp-json\/wp\/v2\/tags?post=25183"}],"curies":[{"name":"wp","href":"https:\/\/api.w.org\/{rel}","templated":true}]}}