{"id":25189,"date":"2022-04-30T10:25:56","date_gmt":"2022-04-30T10:25:56","guid":{"rendered":"https:\/\/blogdorogeriogomes.com.br\/?p=25189"},"modified":"2022-05-02T10:25:33","modified_gmt":"2022-05-02T10:25:33","slug":"moraes-e-fachin-reagem-as-ameacas-de-bolsonaro-ao-processo-eleitoral-de-2022","status":"publish","type":"post","link":"https:\/\/blogdorogeriogomes.com.br\/noticias\/2022\/04\/moraes-e-fachin-reagem-as-ameacas-de-bolsonaro-ao-processo-eleitoral-de-2022\/","title":{"rendered":"Moraes e Fachin reagem \u00e0s amea\u00e7as de Bolsonaro ao processo eleitoral de 2022"},"content":{"rendered":"\n<p>Nos \u00faltimos dias, o presidente Jair Bolsonaro refor\u00e7ou os ataques ao sistema eleitoral brasileiro chegando, inclusive, que as For\u00e7as Armadas deveriam intervir no TSE durante o processo de apura\u00e7\u00e3o dos votos. Nesta sexta-feira, dia 29 de abril, a Justi\u00e7a Eleitoral respondeu aos ataques com veem\u00eancia.<\/p>\n\n\n\n<p>O ministro do Supremo Tribunal Federal (STF) Alexandre de Moraes afirmou que a Justi\u00e7a garantir\u00e1 a posse de todos os eleitos em dezembro. &#8220;Eu tenho absoluta certeza que amea\u00e7as v\u00e3s, coa\u00e7\u00f5es tentadas, nada disso amedrontar\u00e1 nenhum juiz eleitoral do Pa\u00eds. N\u00f3s teremos uma elei\u00e7\u00e3o transparente e segura. A popula\u00e7\u00e3o pode ter certeza: em dezembro ser\u00e3o diplomados aqueles que o povo escolheu. N\u00e3o importa quem. O povo \u00e9 soberano&#8221;, disse&nbsp;Moraes.<\/p>\n\n\n\n<p>Sobre a participa\u00e7\u00e3o dos militares no processo eleitoral, o presidente do TSE, Edson Fachin, deixou claro: &#8220;N\u00e3o h\u00e1 poder moderador para intervir na Justi\u00e7a Eleitoral. Colabora\u00e7\u00e3o, coopera\u00e7\u00e3o e, portanto, parcerias proativas para aprimoramento, a Justi\u00e7a Eleitoral est\u00e1 inteiramente \u00e0 disposi\u00e7\u00e3o. Interven\u00e7\u00e3o, jamais&#8221;.<\/p>\n\n\n\n<figure class=\"wp-block-image size-full is-resized\"><img loading=\"lazy\" decoding=\"async\" src=\"https:\/\/blogdorogeriogomes.com.br\/wp-content\/uploads\/2022\/04\/images-32.jpeg\" alt=\"\" class=\"wp-image-25190\" width=\"345\" height=\"244\"\/><\/figure>\n","protected":false},"excerpt":{"rendered":"<p>Nos \u00faltimos dias, o presidente Jair Bolsonaro refor\u00e7ou os ataques ao sistema eleitoral brasileiro chegando, inclusive, que as For\u00e7as Armadas deveriam intervir no TSE durante o processo de apura\u00e7\u00e3o dos votos. Nesta sexta-feira, dia 29 de abril, a Justi\u00e7a Eleitoral respondeu aos ataques com veem\u00eancia. O ministro do Supremo Tribunal Federal (STF) Alexandre de Moraes afirmou que a Justi\u00e7a garantir\u00e1 a posse de todos os eleitos em dezembro. &#8220;Eu tenho absoluta certeza que amea\u00e7as v\u00e3s, coa\u00e7\u00f5es tentadas, nada disso&hellip;<\/p>\n","protected":false},"author":1,"featured_media":25190,"comment_status":"open","ping_status":"open","sticky":false,"template":"","format":"standard","meta":{"footnotes":""},"categories":[1],"tags":[],"class_list":["post-25189","post","type-post","status-publish","format-standard","has-post-thumbnail","hentry","category-noticias"],"_links":{"self":[{"href":"https:\/\/blogdorogeriogomes.com.br\/noticias\/wp-json\/wp\/v2\/posts\/25189","targetHints":{"allow":["GET"]}}],"collection":[{"href":"https:\/\/blogdorogeriogomes.com.br\/noticias\/wp-json\/wp\/v2\/posts"}],"about":[{"href":"https:\/\/blogdorogeriogomes.com.br\/noticias\/wp-json\/wp\/v2\/types\/post"}],"author":[{"embeddable":true,"href":"https:\/\/blogdorogeriogomes.com.br\/noticias\/wp-json\/wp\/v2\/users\/1"}],"replies":[{"embeddable":true,"href":"https:\/\/blogdorogeriogomes.com.br\/noticias\/wp-json\/wp\/v2\/comments?post=25189"}],"version-history":[{"count":2,"href":"https:\/\/blogdorogeriogomes.com.br\/noticias\/wp-json\/wp\/v2\/posts\/25189\/revisions"}],"predecessor-version":[{"id":25195,"href":"https:\/\/blogdorogeriogomes.com.br\/noticias\/wp-json\/wp\/v2\/posts\/25189\/revisions\/25195"}],"wp:featuredmedia":[{"embeddable":true,"href":"https:\/\/blogdorogeriogomes.com.br\/noticias\/wp-json\/wp\/v2\/media\/25190"}],"wp:attachment":[{"href":"https:\/\/blogdorogeriogomes.com.br\/noticias\/wp-json\/wp\/v2\/media?parent=25189"}],"wp:term":[{"taxonomy":"category","embeddable":true,"href":"https:\/\/blogdorogeriogomes.com.br\/noticias\/wp-json\/wp\/v2\/categories?post=25189"},{"taxonomy":"post_tag","embeddable":true,"href":"https:\/\/blogdorogeriogomes.com.br\/noticias\/wp-json\/wp\/v2\/tags?post=25189"}],"curies":[{"name":"wp","href":"https:\/\/api.w.org\/{rel}","templated":true}]}}