{"id":25196,"date":"2022-05-02T11:05:17","date_gmt":"2022-05-02T11:05:17","guid":{"rendered":"https:\/\/blogdorogeriogomes.com.br\/?p=25196"},"modified":"2022-05-03T10:22:42","modified_gmt":"2022-05-03T10:22:42","slug":"protestos-pro-e-contra-bolsonaro-tem-baixa-adesao-no-dia-do-trabalhador","status":"publish","type":"post","link":"https:\/\/blogdorogeriogomes.com.br\/noticias\/2022\/05\/protestos-pro-e-contra-bolsonaro-tem-baixa-adesao-no-dia-do-trabalhador\/","title":{"rendered":"Protestos pr\u00f3 e contra Bolsonaro t\u00eam baixa ades\u00e3o no Dia do Trabalhador"},"content":{"rendered":"\n<p>Os protestos realizados no Dia do Trabalhador pelo Pa\u00eds tiveram uma baixa ades\u00e3o levando em conta a expectativa dos organizadores, seja pelo lado dos governistas, quanto pelos opositores.<\/p>\n\n\n\n<p>O presidente Jair Bolsonaro fez uma participa\u00e7\u00e3o &#8220;rel\u00e2mpago&#8221; na manifesta\u00e7\u00e3o realizada em Bras\u00edlia, onde o STF foi o principal alvo dos protestos. O ex-presidente Lula participou dos festejos do Dia do Trabalhador em S\u00e3o Paulo, promovidos por centrais sindicais.<\/p>\n\n\n\n<p>Em Fortaleza, bolsonaristas se reuniram na Pra\u00e7a Portugal, onde defenderam a volta do voto impresso e pregaram um &#8220;fora STF&#8221;. J\u00e1 os movimentos sociais fizeram uma passeata no bairro Pirambu com o tema &#8220;Emprego, Direitos, Democracia e Vida&#8221;. O evento, em alus\u00e3o ao Dia do Trabalhador, foi organizado por centrais sindicais e movimentos populares, em coordena\u00e7\u00e3o com outros que ocorrem por todo o Pa\u00eds.<\/p>\n\n\n\n<p>Em resumo, o apelo de governistas e oposicionistas para irem \u00e0s ruas no domingo n\u00e3o fez efeito. Quando a campanha eleitoral come\u00e7ar efetivamente, o cen\u00e1rio deve mudar.<br><br><\/p>\n\n\n\n<figure class=\"wp-block-image size-large\"><img loading=\"lazy\" decoding=\"async\" width=\"1024\" height=\"1024\" src=\"https:\/\/blogdorogeriogomes.com.br\/wp-content\/uploads\/2022\/05\/IMG-20220502-WA0019-1024x1024.jpg\" alt=\"\" class=\"wp-image-25197\" srcset=\"https:\/\/blogdorogeriogomes.com.br\/noticias\/wp-content\/uploads\/2022\/05\/IMG-20220502-WA0019-1024x1024.jpg 1024w, https:\/\/blogdorogeriogomes.com.br\/noticias\/wp-content\/uploads\/2022\/05\/IMG-20220502-WA0019-300x300.jpg 300w, https:\/\/blogdorogeriogomes.com.br\/noticias\/wp-content\/uploads\/2022\/05\/IMG-20220502-WA0019-150x150.jpg 150w, https:\/\/blogdorogeriogomes.com.br\/noticias\/wp-content\/uploads\/2022\/05\/IMG-20220502-WA0019-768x768.jpg 768w, https:\/\/blogdorogeriogomes.com.br\/noticias\/wp-content\/uploads\/2022\/05\/IMG-20220502-WA0019-1536x1536.jpg 1536w, https:\/\/blogdorogeriogomes.com.br\/noticias\/wp-content\/uploads\/2022\/05\/IMG-20220502-WA0019-800x800.jpg 800w, https:\/\/blogdorogeriogomes.com.br\/noticias\/wp-content\/uploads\/2022\/05\/IMG-20220502-WA0019-250x250.jpg 250w, https:\/\/blogdorogeriogomes.com.br\/noticias\/wp-content\/uploads\/2022\/05\/IMG-20220502-WA0019.jpg 1600w\" sizes=\"auto, (max-width: 1024px) 100vw, 1024px\" \/><\/figure>\n","protected":false},"excerpt":{"rendered":"<p>Os protestos realizados no Dia do Trabalhador pelo Pa\u00eds tiveram uma baixa ades\u00e3o levando em conta a expectativa dos organizadores, seja pelo lado dos governistas, quanto pelos opositores. O presidente Jair Bolsonaro fez uma participa\u00e7\u00e3o &#8220;rel\u00e2mpago&#8221; na manifesta\u00e7\u00e3o realizada em Bras\u00edlia, onde o STF foi o principal alvo dos protestos. O ex-presidente Lula participou dos festejos do Dia do Trabalhador em S\u00e3o Paulo, promovidos por centrais sindicais. Em Fortaleza, bolsonaristas se reuniram na Pra\u00e7a Portugal, onde defenderam a volta&hellip;<\/p>\n","protected":false},"author":1,"featured_media":25197,"comment_status":"open","ping_status":"open","sticky":false,"template":"","format":"standard","meta":{"footnotes":""},"categories":[1],"tags":[],"class_list":["post-25196","post","type-post","status-publish","format-standard","has-post-thumbnail","hentry","category-noticias"],"_links":{"self":[{"href":"https:\/\/blogdorogeriogomes.com.br\/noticias\/wp-json\/wp\/v2\/posts\/25196","targetHints":{"allow":["GET"]}}],"collection":[{"href":"https:\/\/blogdorogeriogomes.com.br\/noticias\/wp-json\/wp\/v2\/posts"}],"about":[{"href":"https:\/\/blogdorogeriogomes.com.br\/noticias\/wp-json\/wp\/v2\/types\/post"}],"author":[{"embeddable":true,"href":"https:\/\/blogdorogeriogomes.com.br\/noticias\/wp-json\/wp\/v2\/users\/1"}],"replies":[{"embeddable":true,"href":"https:\/\/blogdorogeriogomes.com.br\/noticias\/wp-json\/wp\/v2\/comments?post=25196"}],"version-history":[{"count":1,"href":"https:\/\/blogdorogeriogomes.com.br\/noticias\/wp-json\/wp\/v2\/posts\/25196\/revisions"}],"predecessor-version":[{"id":25198,"href":"https:\/\/blogdorogeriogomes.com.br\/noticias\/wp-json\/wp\/v2\/posts\/25196\/revisions\/25198"}],"wp:featuredmedia":[{"embeddable":true,"href":"https:\/\/blogdorogeriogomes.com.br\/noticias\/wp-json\/wp\/v2\/media\/25197"}],"wp:attachment":[{"href":"https:\/\/blogdorogeriogomes.com.br\/noticias\/wp-json\/wp\/v2\/media?parent=25196"}],"wp:term":[{"taxonomy":"category","embeddable":true,"href":"https:\/\/blogdorogeriogomes.com.br\/noticias\/wp-json\/wp\/v2\/categories?post=25196"},{"taxonomy":"post_tag","embeddable":true,"href":"https:\/\/blogdorogeriogomes.com.br\/noticias\/wp-json\/wp\/v2\/tags?post=25196"}],"curies":[{"name":"wp","href":"https:\/\/api.w.org\/{rel}","templated":true}]}}