{"id":25199,"date":"2022-05-02T11:34:04","date_gmt":"2022-05-02T11:34:04","guid":{"rendered":"https:\/\/blogdorogeriogomes.com.br\/?p=25199"},"modified":"2022-05-03T10:22:31","modified_gmt":"2022-05-03T10:22:31","slug":"izolda-cela-e-camilo-santana-participam-de-evento-religioso-em-taua-politicos-disputam-apoio-para-outubro","status":"publish","type":"post","link":"https:\/\/blogdorogeriogomes.com.br\/noticias\/2022\/05\/izolda-cela-e-camilo-santana-participam-de-evento-religioso-em-taua-politicos-disputam-apoio-para-outubro\/","title":{"rendered":"Izolda Cela e Camilo Santana participam de evento religioso em Tau\u00e1. Pol\u00edticos disputam apoio para outubro"},"content":{"rendered":"\n<p>A governadora do Cear\u00e1, Izolda Cela (PDT), participou de um evento religioso em Tau\u00e1 ao lado do ex-governador Camilo Santana, neste domingo, dia 1\u00b0 de maio. Eles participaram dos festejos de Jesus, Maria e Jos\u00e9, em Tau\u00e1. Izolda e Camilo foram recepcionados pela prefeita de Tau\u00e1, Patr\u00edcia Aguiar, e pelo presidente estadual do PSD, Domingos Filho. Izolda \u00e9 um dia nomes do PDT para concorrer \u00e0 reelei\u00e7\u00e3o em outubro, enquanto Camilo Santana vai buscar uma vaga no Senado Federal.<\/p>\n\n\n\n<p>Para ser a indicada pelo PDT, Izolda j\u00e1 busca internamente o apoio de lideran\u00e7as pol\u00edticas de aliados. Na mesma festa em Tau\u00e1, marcaram presen\u00e7a o presidente estadual do MDB, ex-senador Eun\u00edcio Oliveira, ao lado dos deputados estaduais Audic Mota, Leonardo Ara\u00fajo e Daniel Oliveira. O deputado federal Domingos Neto tamb\u00e9m participou dos festejos.<\/p>\n\n\n\n<figure class=\"wp-block-image size-full\"><img loading=\"lazy\" decoding=\"async\" width=\"913\" height=\"815\" src=\"https:\/\/blogdorogeriogomes.com.br\/wp-content\/uploads\/2022\/05\/dnc1.jpg\" alt=\"\" class=\"wp-image-25200\" srcset=\"https:\/\/blogdorogeriogomes.com.br\/noticias\/wp-content\/uploads\/2022\/05\/dnc1.jpg 913w, https:\/\/blogdorogeriogomes.com.br\/noticias\/wp-content\/uploads\/2022\/05\/dnc1-300x268.jpg 300w, https:\/\/blogdorogeriogomes.com.br\/noticias\/wp-content\/uploads\/2022\/05\/dnc1-768x686.jpg 768w, https:\/\/blogdorogeriogomes.com.br\/noticias\/wp-content\/uploads\/2022\/05\/dnc1-800x714.jpg 800w\" sizes=\"auto, (max-width: 913px) 100vw, 913px\" \/><\/figure>\n","protected":false},"excerpt":{"rendered":"<p>A governadora do Cear\u00e1, Izolda Cela (PDT), participou de um evento religioso em Tau\u00e1 ao lado do ex-governador Camilo Santana, neste domingo, dia 1\u00b0 de maio. Eles participaram dos festejos de Jesus, Maria e Jos\u00e9, em Tau\u00e1. Izolda e Camilo foram recepcionados pela prefeita de Tau\u00e1, Patr\u00edcia Aguiar, e pelo presidente estadual do PSD, Domingos Filho. Izolda \u00e9 um dia nomes do PDT para concorrer \u00e0 reelei\u00e7\u00e3o em outubro, enquanto Camilo Santana vai buscar uma vaga no Senado Federal.&hellip;<\/p>\n","protected":false},"author":1,"featured_media":25200,"comment_status":"open","ping_status":"open","sticky":false,"template":"","format":"standard","meta":{"footnotes":""},"categories":[1],"tags":[],"class_list":["post-25199","post","type-post","status-publish","format-standard","has-post-thumbnail","hentry","category-noticias"],"_links":{"self":[{"href":"https:\/\/blogdorogeriogomes.com.br\/noticias\/wp-json\/wp\/v2\/posts\/25199","targetHints":{"allow":["GET"]}}],"collection":[{"href":"https:\/\/blogdorogeriogomes.com.br\/noticias\/wp-json\/wp\/v2\/posts"}],"about":[{"href":"https:\/\/blogdorogeriogomes.com.br\/noticias\/wp-json\/wp\/v2\/types\/post"}],"author":[{"embeddable":true,"href":"https:\/\/blogdorogeriogomes.com.br\/noticias\/wp-json\/wp\/v2\/users\/1"}],"replies":[{"embeddable":true,"href":"https:\/\/blogdorogeriogomes.com.br\/noticias\/wp-json\/wp\/v2\/comments?post=25199"}],"version-history":[{"count":1,"href":"https:\/\/blogdorogeriogomes.com.br\/noticias\/wp-json\/wp\/v2\/posts\/25199\/revisions"}],"predecessor-version":[{"id":25201,"href":"https:\/\/blogdorogeriogomes.com.br\/noticias\/wp-json\/wp\/v2\/posts\/25199\/revisions\/25201"}],"wp:featuredmedia":[{"embeddable":true,"href":"https:\/\/blogdorogeriogomes.com.br\/noticias\/wp-json\/wp\/v2\/media\/25200"}],"wp:attachment":[{"href":"https:\/\/blogdorogeriogomes.com.br\/noticias\/wp-json\/wp\/v2\/media?parent=25199"}],"wp:term":[{"taxonomy":"category","embeddable":true,"href":"https:\/\/blogdorogeriogomes.com.br\/noticias\/wp-json\/wp\/v2\/categories?post=25199"},{"taxonomy":"post_tag","embeddable":true,"href":"https:\/\/blogdorogeriogomes.com.br\/noticias\/wp-json\/wp\/v2\/tags?post=25199"}],"curies":[{"name":"wp","href":"https:\/\/api.w.org\/{rel}","templated":true}]}}