{"id":25202,"date":"2022-05-02T19:30:39","date_gmt":"2022-05-02T19:30:39","guid":{"rendered":"https:\/\/blogdorogeriogomes.com.br\/?p=25202"},"modified":"2022-05-03T10:22:17","modified_gmt":"2022-05-03T10:22:17","slug":"assembleia-legislativa-entra-com-acao-em-parceria-com-mp-e-define-grupo-para-analisar-contrato-da-enel","status":"publish","type":"post","link":"https:\/\/blogdorogeriogomes.com.br\/noticias\/2022\/05\/assembleia-legislativa-entra-com-acao-em-parceria-com-mp-e-define-grupo-para-analisar-contrato-da-enel\/","title":{"rendered":"Assembleia Legislativa entra com a\u00e7\u00e3o em parceria com MP e define grupo para analisar contrato da Enel"},"content":{"rendered":"\n<p>A Assembleia Legislativa do Estado do Cear\u00e1 re\u00fane, nesta ter\u00e7a-feira, dia 3 de maio, a Mesa Diretora e o col\u00e9gio de l\u00edderes para instituir uma comiss\u00e3o suprapartid\u00e1ria de parlamentares para analisar o contrato de concess\u00e3o, a qualidade no servi\u00e7o prestado, o elevado n\u00famero de reclama\u00e7\u00f5es nos \u00f3rg\u00e3os de defesa do consumidor, al\u00e9m do reajuste de 24,88% nas contas de energia aprovado pela Ag\u00eancia Nacional de Energia El\u00e9trica (Aneel).<\/p>\n\n\n\n<p>\u201cIremos fazer uma revis\u00e3o desse contrato, firmado em 1998, analisando todas as cl\u00e1usulas contratuais, no sentido de saber se todas aquelas obriga\u00e7\u00f5es ali postas est\u00e3o sendo cumpridas e respeitadas por parte da Enel. Com isso, a comiss\u00e3o ter\u00e1 uma pauta comum com a que ir\u00e1 atuar aqui no MPCE, evitando a\u00e7\u00f5es sobrepostas. Juntos queremos dar uma resposta ao povo cearense, pois o n\u00famero de reclama\u00e7\u00f5es \u00e9 assustador\u201d, ressaltou o presidente da Assembleia Evandro Leit\u00e3o. Somente no Procon Assembleia, neste ano, foram registradas mais de mil reclama\u00e7\u00f5es contra a Enel, acrescentou.<\/p>\n\n\n\n<p>Em reuni\u00e3o realizada na manh\u00e3 desta segunda-feira, dia 2, na sede do Minist\u00e9rio P\u00fablico do Estado do Cear\u00e1 (MPCE), ficou definida uma agenda conjunta entre Assembleia Legislativa e o \u00f3rg\u00e3o. Na ocasi\u00e3o, os deputados estaduais oficializaram a participa\u00e7\u00e3o da Assembleia Legislativa na A\u00e7\u00e3o Civil P\u00fablica, movida pelo MPE, contra o reajuste tarif\u00e1rio anual anunciado pela Enel Distribui\u00e7\u00e3o Cear\u00e1 no estado. Ambos os \u00f3rg\u00e3os ir\u00e3o instalar ainda comiss\u00f5es para avaliar o poss\u00edvel descumprimento das cl\u00e1usulas contratuais da concess\u00e3o, assim como realizar audi\u00eancias p\u00fablicas conjuntas para debater o tema com a popula\u00e7\u00e3o, as prefeituras e o setor produtivo.<\/p>\n\n\n\n<p>O procurador-geral de Justi\u00e7a do Cear\u00e1, Manuel Pinheiro, explicou que a comiss\u00e3o a ser formada no MPCE ter\u00e1 prazo de 120 dias de trabalho, ir\u00e1 catalogar as reclama\u00e7\u00f5es registradas contra a Enel nos mais diversos \u00f3rg\u00e3os de defesa do consumidor, como Procons e Programa Estadual de Prote\u00e7\u00e3o e Defesa do Consumidor (Decon), assim como avaliar o cumprimento das obriga\u00e7\u00f5es contratuais na concess\u00e3o, firmada em 1998. S\u00f3 no Decon, foram registrados mais de 1.400 reclama\u00e7\u00f5es, no per\u00edodo de um ano. Manuel Pinheiro informou ainda que ser\u00e3o realizadas tr\u00eas audi\u00eancias p\u00fablicas &#8211; em Fortaleza, Cariri e Regi\u00e3o Norte &#8211; para debater com a popula\u00e7\u00e3o os problemas no servi\u00e7o fornecido pela Enel e o reajuste tarif\u00e1rio anual de 24,88%, autorizado pela Annel.<\/p>\n\n\n\n<figure class=\"wp-block-image size-large\"><img loading=\"lazy\" decoding=\"async\" width=\"1024\" height=\"683\" src=\"https:\/\/blogdorogeriogomes.com.br\/wp-content\/uploads\/2022\/05\/IMG-20220502-WA0081-1024x683.jpg\" alt=\"\" class=\"wp-image-25203\" srcset=\"https:\/\/blogdorogeriogomes.com.br\/noticias\/wp-content\/uploads\/2022\/05\/IMG-20220502-WA0081-1024x683.jpg 1024w, https:\/\/blogdorogeriogomes.com.br\/noticias\/wp-content\/uploads\/2022\/05\/IMG-20220502-WA0081-300x200.jpg 300w, https:\/\/blogdorogeriogomes.com.br\/noticias\/wp-content\/uploads\/2022\/05\/IMG-20220502-WA0081-768x512.jpg 768w, https:\/\/blogdorogeriogomes.com.br\/noticias\/wp-content\/uploads\/2022\/05\/IMG-20220502-WA0081-1536x1024.jpg 1536w, https:\/\/blogdorogeriogomes.com.br\/noticias\/wp-content\/uploads\/2022\/05\/IMG-20220502-WA0081-800x533.jpg 800w, https:\/\/blogdorogeriogomes.com.br\/noticias\/wp-content\/uploads\/2022\/05\/IMG-20220502-WA0081.jpg 1599w\" sizes=\"auto, (max-width: 1024px) 100vw, 1024px\" \/><\/figure>\n\n\n\n<p><\/p>\n\n\n\n<p><\/p>\n","protected":false},"excerpt":{"rendered":"<p>A Assembleia Legislativa do Estado do Cear\u00e1 re\u00fane, nesta ter\u00e7a-feira, dia 3 de maio, a Mesa Diretora e o col\u00e9gio de l\u00edderes para instituir uma comiss\u00e3o suprapartid\u00e1ria de parlamentares para analisar o contrato de concess\u00e3o, a qualidade no servi\u00e7o prestado, o elevado n\u00famero de reclama\u00e7\u00f5es nos \u00f3rg\u00e3os de defesa do consumidor, al\u00e9m do reajuste de 24,88% nas contas de energia aprovado pela Ag\u00eancia Nacional de Energia El\u00e9trica (Aneel). \u201cIremos fazer uma revis\u00e3o desse contrato, firmado em 1998, analisando todas&hellip;<\/p>\n","protected":false},"author":1,"featured_media":25203,"comment_status":"open","ping_status":"open","sticky":false,"template":"","format":"standard","meta":{"footnotes":""},"categories":[1],"tags":[],"class_list":["post-25202","post","type-post","status-publish","format-standard","has-post-thumbnail","hentry","category-noticias"],"_links":{"self":[{"href":"https:\/\/blogdorogeriogomes.com.br\/noticias\/wp-json\/wp\/v2\/posts\/25202","targetHints":{"allow":["GET"]}}],"collection":[{"href":"https:\/\/blogdorogeriogomes.com.br\/noticias\/wp-json\/wp\/v2\/posts"}],"about":[{"href":"https:\/\/blogdorogeriogomes.com.br\/noticias\/wp-json\/wp\/v2\/types\/post"}],"author":[{"embeddable":true,"href":"https:\/\/blogdorogeriogomes.com.br\/noticias\/wp-json\/wp\/v2\/users\/1"}],"replies":[{"embeddable":true,"href":"https:\/\/blogdorogeriogomes.com.br\/noticias\/wp-json\/wp\/v2\/comments?post=25202"}],"version-history":[{"count":1,"href":"https:\/\/blogdorogeriogomes.com.br\/noticias\/wp-json\/wp\/v2\/posts\/25202\/revisions"}],"predecessor-version":[{"id":25204,"href":"https:\/\/blogdorogeriogomes.com.br\/noticias\/wp-json\/wp\/v2\/posts\/25202\/revisions\/25204"}],"wp:featuredmedia":[{"embeddable":true,"href":"https:\/\/blogdorogeriogomes.com.br\/noticias\/wp-json\/wp\/v2\/media\/25203"}],"wp:attachment":[{"href":"https:\/\/blogdorogeriogomes.com.br\/noticias\/wp-json\/wp\/v2\/media?parent=25202"}],"wp:term":[{"taxonomy":"category","embeddable":true,"href":"https:\/\/blogdorogeriogomes.com.br\/noticias\/wp-json\/wp\/v2\/categories?post=25202"},{"taxonomy":"post_tag","embeddable":true,"href":"https:\/\/blogdorogeriogomes.com.br\/noticias\/wp-json\/wp\/v2\/tags?post=25202"}],"curies":[{"name":"wp","href":"https:\/\/api.w.org\/{rel}","templated":true}]}}