{"id":25211,"date":"2022-05-03T10:47:24","date_gmt":"2022-05-03T10:47:24","guid":{"rendered":"https:\/\/blogdorogeriogomes.com.br\/?p=25211"},"modified":"2022-05-03T22:20:49","modified_gmt":"2022-05-03T22:20:49","slug":"tres-mil-oportunidades-de-emprego-e-renda-sao-oferecidas-durante-o-mes-do-trabalhador","status":"publish","type":"post","link":"https:\/\/blogdorogeriogomes.com.br\/noticias\/2022\/05\/tres-mil-oportunidades-de-emprego-e-renda-sao-oferecidas-durante-o-mes-do-trabalhador\/","title":{"rendered":"Tr\u00eas mil oportunidades de emprego e renda s\u00e3o oferecidas durante o M\u00eas do Trabalhador"},"content":{"rendered":"\n<p>Um conjunto de a\u00e7\u00f5es voltadas para os trabalhadores ser\u00e1 realizado pelo Instituto de Desenvolvimento do Trabalho (IDT) durante todo o m\u00eas de maio. A a\u00e7\u00e3o \u00e9 uma parceria com o Governo do Cear\u00e1 por meio da Secretaria de Desenvolvimento Econ\u00f4mico e Trabalho (Sedet), em comemora\u00e7\u00e3o a Semana do Trabalhador.<\/p>\n\n\n\n<p>Os trabalhadores que comparecerem \u00e0s unidades de atendimento do IDT\/SINE em Fortaleza ou no interior contar\u00e3o com uma programa\u00e7\u00e3o diversificada que inclui mais de tr\u00eas mil oportunidades de coloca\u00e7\u00e3o no mercado de trabalho bem como de gera\u00e7\u00e3o de renda: entre vagas de emprego, concess\u00e3o de cr\u00e9dito (para os que pretendem empreender) e encaminhamentos para servi\u00e7os aut\u00f4nomos.<\/p>\n\n\n\n<p>O projeto Cear\u00e1 de Oportunidades promover\u00e1 tamb\u00e9m atendimento especial em todas as 18 unidades do Instituto de Desenvolvimento do Trabalho (IDT). Nos locais, continuam o atendimento tradicional de intermedia\u00e7\u00e3o de m\u00e3o de obra, mas tamb\u00e9m v\u00e1rias a\u00e7\u00f5es ser\u00e3o realizadas ao longo de todo o m\u00eas de maio. O Governo do Cear\u00e1, por meio da Sedet e outras institui\u00e7\u00f5es parceiras, oferta uma programa\u00e7\u00e3o de servi\u00e7os para os trabalhadores, na Pra\u00e7a do Ferreira, das 8 \u00e0s 16 horas.<\/p>\n\n\n\n<figure class=\"wp-block-image size-large\"><img loading=\"lazy\" decoding=\"async\" width=\"1024\" height=\"683\" src=\"https:\/\/blogdorogeriogomes.com.br\/wp-content\/uploads\/2022\/05\/220502_IDT_CE-DE-OPORTUNIDADES_HS9716-1200x800-1-1024x683.jpg\" alt=\"\" class=\"wp-image-25212\" srcset=\"https:\/\/blogdorogeriogomes.com.br\/noticias\/wp-content\/uploads\/2022\/05\/220502_IDT_CE-DE-OPORTUNIDADES_HS9716-1200x800-1-1024x683.jpg 1024w, https:\/\/blogdorogeriogomes.com.br\/noticias\/wp-content\/uploads\/2022\/05\/220502_IDT_CE-DE-OPORTUNIDADES_HS9716-1200x800-1-300x200.jpg 300w, https:\/\/blogdorogeriogomes.com.br\/noticias\/wp-content\/uploads\/2022\/05\/220502_IDT_CE-DE-OPORTUNIDADES_HS9716-1200x800-1-768x512.jpg 768w, https:\/\/blogdorogeriogomes.com.br\/noticias\/wp-content\/uploads\/2022\/05\/220502_IDT_CE-DE-OPORTUNIDADES_HS9716-1200x800-1-800x533.jpg 800w, https:\/\/blogdorogeriogomes.com.br\/noticias\/wp-content\/uploads\/2022\/05\/220502_IDT_CE-DE-OPORTUNIDADES_HS9716-1200x800-1.jpg 1200w\" sizes=\"auto, (max-width: 1024px) 100vw, 1024px\" \/><\/figure>\n","protected":false},"excerpt":{"rendered":"<p>Um conjunto de a\u00e7\u00f5es voltadas para os trabalhadores ser\u00e1 realizado pelo Instituto de Desenvolvimento do Trabalho (IDT) durante todo o m\u00eas de maio. A a\u00e7\u00e3o \u00e9 uma parceria com o Governo do Cear\u00e1 por meio da Secretaria de Desenvolvimento Econ\u00f4mico e Trabalho (Sedet), em comemora\u00e7\u00e3o a Semana do Trabalhador. Os trabalhadores que comparecerem \u00e0s unidades de atendimento do IDT\/SINE em Fortaleza ou no interior contar\u00e3o com uma programa\u00e7\u00e3o diversificada que inclui mais de tr\u00eas mil oportunidades de coloca\u00e7\u00e3o no&hellip;<\/p>\n","protected":false},"author":1,"featured_media":25212,"comment_status":"open","ping_status":"open","sticky":false,"template":"","format":"standard","meta":{"footnotes":""},"categories":[1],"tags":[],"class_list":["post-25211","post","type-post","status-publish","format-standard","has-post-thumbnail","hentry","category-noticias"],"_links":{"self":[{"href":"https:\/\/blogdorogeriogomes.com.br\/noticias\/wp-json\/wp\/v2\/posts\/25211","targetHints":{"allow":["GET"]}}],"collection":[{"href":"https:\/\/blogdorogeriogomes.com.br\/noticias\/wp-json\/wp\/v2\/posts"}],"about":[{"href":"https:\/\/blogdorogeriogomes.com.br\/noticias\/wp-json\/wp\/v2\/types\/post"}],"author":[{"embeddable":true,"href":"https:\/\/blogdorogeriogomes.com.br\/noticias\/wp-json\/wp\/v2\/users\/1"}],"replies":[{"embeddable":true,"href":"https:\/\/blogdorogeriogomes.com.br\/noticias\/wp-json\/wp\/v2\/comments?post=25211"}],"version-history":[{"count":1,"href":"https:\/\/blogdorogeriogomes.com.br\/noticias\/wp-json\/wp\/v2\/posts\/25211\/revisions"}],"predecessor-version":[{"id":25213,"href":"https:\/\/blogdorogeriogomes.com.br\/noticias\/wp-json\/wp\/v2\/posts\/25211\/revisions\/25213"}],"wp:featuredmedia":[{"embeddable":true,"href":"https:\/\/blogdorogeriogomes.com.br\/noticias\/wp-json\/wp\/v2\/media\/25212"}],"wp:attachment":[{"href":"https:\/\/blogdorogeriogomes.com.br\/noticias\/wp-json\/wp\/v2\/media?parent=25211"}],"wp:term":[{"taxonomy":"category","embeddable":true,"href":"https:\/\/blogdorogeriogomes.com.br\/noticias\/wp-json\/wp\/v2\/categories?post=25211"},{"taxonomy":"post_tag","embeddable":true,"href":"https:\/\/blogdorogeriogomes.com.br\/noticias\/wp-json\/wp\/v2\/tags?post=25211"}],"curies":[{"name":"wp","href":"https:\/\/api.w.org\/{rel}","templated":true}]}}