{"id":25217,"date":"2022-05-03T23:08:56","date_gmt":"2022-05-03T23:08:56","guid":{"rendered":"https:\/\/blogdorogeriogomes.com.br\/?p=25217"},"modified":"2022-05-05T10:08:28","modified_gmt":"2022-05-05T10:08:28","slug":"camilo-se-reune-com-bancada-do-pt-para-discutir-sucessao-estadual-em-outubro","status":"publish","type":"post","link":"https:\/\/blogdorogeriogomes.com.br\/noticias\/2022\/05\/camilo-se-reune-com-bancada-do-pt-para-discutir-sucessao-estadual-em-outubro\/","title":{"rendered":"Camilo se re\u00fane com bancada do PT para discutir sucess\u00e3o estadual em outubro"},"content":{"rendered":"\n<p>O ex-governador Camilo Santana (PT) se reuniu com a bancada cearense do Partido dos Trabalhadores na Assembleia Legislativa, nesta ter\u00e7a-feira, dia 3 de maio,  para discutir a sucess\u00e3o estadual em outubro. Participaram da reuni\u00e3o os deputados estaduais Nizo Costa, J\u00falio C\u00e9sar Filho, Elmano de Freitas, Fernando Santana, Augusta Brito, Mois\u00e9s Braz e Acr\u00edsio Sena.<\/p>\n\n\n\n<p>O encontro acontece num momento de tens\u00e3o entre aliados governistas quanto a escolha do nome que vai concorrer ao Pal\u00e1cio da Aboli\u00e7\u00e3o nas elei\u00e7\u00f5es deste ano.<\/p>\n\n\n\n<p>Petistas e pedetistas t\u00eam tensionado o debate com uns defendendo o nome da atual governadora Izolda Cela (PDT) e outros em defesa do ex-prefeito de Fortaleza, Roberto Cl\u00e1udio.<\/p>\n\n\n\n<p>O presidenciavel pelo PDT, Ciro Gomes, tamb\u00e9m entrou na discuss\u00e3o. Em entrevista \u00e0 R\u00e1dio Jangadeiro, ele reclamou do veto de setores do PT ao nome de Roberto Cl\u00e1udio. E foi mais al\u00e9m. Disse que n\u00e3o aceitaria &#8220;conchavo e picaretagem&#8221; por parte de lideran\u00e7as da sigla.<\/p>\n\n\n\n<p>O Partido dos Trabalhadores atrav\u00e9s do seu presidente estadual Ant\u00f4nio Alves Filho (Conin) emitiu uma nota em rela\u00e7\u00e3o as declara\u00e7\u00f5es de Ciro. Disse que a dire\u00e7\u00e3o estadual do PT se reunir\u00e1 nesta quarta-feira, dia 4, para avaliar a fala do pedetista que interfere na tentativa de manter uma alian\u00e7a entre PT e PDT no Cear\u00e1 para as elei\u00e7\u00f5es estaduais.<\/p>\n\n\n\n<figure class=\"wp-block-image size-full\"><img loading=\"lazy\" decoding=\"async\" width=\"750\" height=\"390\" src=\"https:\/\/blogdorogeriogomes.com.br\/wp-content\/uploads\/2022\/05\/IMG-20220503-WA0093.jpg\" alt=\"\" class=\"wp-image-25218\" srcset=\"https:\/\/blogdorogeriogomes.com.br\/noticias\/wp-content\/uploads\/2022\/05\/IMG-20220503-WA0093.jpg 750w, https:\/\/blogdorogeriogomes.com.br\/noticias\/wp-content\/uploads\/2022\/05\/IMG-20220503-WA0093-300x156.jpg 300w\" sizes=\"auto, (max-width: 750px) 100vw, 750px\" \/><\/figure>\n\n\n\n<p><\/p>\n\n\n\n<p><\/p>\n","protected":false},"excerpt":{"rendered":"<p>O ex-governador Camilo Santana (PT) se reuniu com a bancada cearense do Partido dos Trabalhadores na Assembleia Legislativa, nesta ter\u00e7a-feira, dia 3 de maio, para discutir a sucess\u00e3o estadual em outubro. Participaram da reuni\u00e3o os deputados estaduais Nizo Costa, J\u00falio C\u00e9sar Filho, Elmano de Freitas, Fernando Santana, Augusta Brito, Mois\u00e9s Braz e Acr\u00edsio Sena. O encontro acontece num momento de tens\u00e3o entre aliados governistas quanto a escolha do nome que vai concorrer ao Pal\u00e1cio da Aboli\u00e7\u00e3o nas elei\u00e7\u00f5es deste&hellip;<\/p>\n","protected":false},"author":1,"featured_media":25218,"comment_status":"open","ping_status":"open","sticky":false,"template":"","format":"standard","meta":{"footnotes":""},"categories":[1],"tags":[],"class_list":["post-25217","post","type-post","status-publish","format-standard","has-post-thumbnail","hentry","category-noticias"],"_links":{"self":[{"href":"https:\/\/blogdorogeriogomes.com.br\/noticias\/wp-json\/wp\/v2\/posts\/25217","targetHints":{"allow":["GET"]}}],"collection":[{"href":"https:\/\/blogdorogeriogomes.com.br\/noticias\/wp-json\/wp\/v2\/posts"}],"about":[{"href":"https:\/\/blogdorogeriogomes.com.br\/noticias\/wp-json\/wp\/v2\/types\/post"}],"author":[{"embeddable":true,"href":"https:\/\/blogdorogeriogomes.com.br\/noticias\/wp-json\/wp\/v2\/users\/1"}],"replies":[{"embeddable":true,"href":"https:\/\/blogdorogeriogomes.com.br\/noticias\/wp-json\/wp\/v2\/comments?post=25217"}],"version-history":[{"count":1,"href":"https:\/\/blogdorogeriogomes.com.br\/noticias\/wp-json\/wp\/v2\/posts\/25217\/revisions"}],"predecessor-version":[{"id":25219,"href":"https:\/\/blogdorogeriogomes.com.br\/noticias\/wp-json\/wp\/v2\/posts\/25217\/revisions\/25219"}],"wp:featuredmedia":[{"embeddable":true,"href":"https:\/\/blogdorogeriogomes.com.br\/noticias\/wp-json\/wp\/v2\/media\/25218"}],"wp:attachment":[{"href":"https:\/\/blogdorogeriogomes.com.br\/noticias\/wp-json\/wp\/v2\/media?parent=25217"}],"wp:term":[{"taxonomy":"category","embeddable":true,"href":"https:\/\/blogdorogeriogomes.com.br\/noticias\/wp-json\/wp\/v2\/categories?post=25217"},{"taxonomy":"post_tag","embeddable":true,"href":"https:\/\/blogdorogeriogomes.com.br\/noticias\/wp-json\/wp\/v2\/tags?post=25217"}],"curies":[{"name":"wp","href":"https:\/\/api.w.org\/{rel}","templated":true}]}}