{"id":25220,"date":"2022-05-03T23:36:46","date_gmt":"2022-05-03T23:36:46","guid":{"rendered":"https:\/\/blogdorogeriogomes.com.br\/?p=25220"},"modified":"2022-05-05T10:07:44","modified_gmt":"2022-05-05T10:07:44","slug":"luiz-fux-recebe-pacheco-e-ministro-da-defesa-em-reacao-a-ataques-de-bolsonaro-ao-stf","status":"publish","type":"post","link":"https:\/\/blogdorogeriogomes.com.br\/noticias\/2022\/05\/luiz-fux-recebe-pacheco-e-ministro-da-defesa-em-reacao-a-ataques-de-bolsonaro-ao-stf\/","title":{"rendered":"Luiz Fux recebe Pacheco e Ministro da Defesa em rea\u00e7\u00e3o a ataques de Bolsonaro ao STF"},"content":{"rendered":"\n<p>O dia no Supremo Tribunal Federal foi de reuni\u00f5es entre o presidente da Corte, Luiz Fux, com o presidente do Senado Federal, Rodrigo Pacheco, e com o ministro da Defesa, general Paulo S\u00e9rgio Nogueira. Os dois encontros foram uma rea\u00e7\u00e3o aos ataques feitos pelo presidente Jair Bolsonaro ao STF e tamb\u00e9m ao sistema eleitoral conduzido pelo TSE (Tribunal Superior Eleitoral). <\/p>\n\n\n\n<p>Com Rodrigo Pacheco, ficou acertado que que &#8220;anomalias graves&#8221;, como as declara\u00e7\u00f5es de Bolsonaro e aliados sobre interven\u00e7\u00e3o militar, fechamento do Supremo ou frustra\u00e7\u00e3o de elei\u00e7\u00f5es, ser\u00e3o combatidas e contestadas &#8220;a cada instante&#8221;. E com o uso dos mecanismos previstos na Constitui\u00e7\u00e3o Federal. <\/p>\n\n\n\n<p>J\u00e1 o ministro da Defesa, general Paulo S\u00e9rgio Nogueira, reafirmou que as For\u00e7as Armadas est\u00e3o &#8220;comprometidas com a democracia brasileira e que os militares atuar\u00e3o, no \u00e2mbito de suas compet\u00eancias, para que o processo eleitoral transcorra normalmente e sem incidentes&#8221;.<\/p>\n\n\n\n<p>As bravatas do presidente Jair Bolsonaro para agradar ao seu eleitorado radical, por enquanto, n\u00e3o t\u00eam rendido o efeito eleitoral esperado. Mas, sem d\u00favida, ele deve continuar apostando no conflito institucional at\u00e9 \u00e0s elei\u00e7\u00f5es. N\u00e3o h\u00e1 quem duvide dessa estrat\u00e9gia. N\u00e3o deixa de ser uma forma de tentar encobrir os verdadeiros problemas que afligem hoje a popula\u00e7\u00e3o, como infla\u00e7\u00e3o alta, desemprego, combust\u00edveis e alimentos em disparada.<\/p>\n\n\n\n<figure class=\"wp-block-image size-full\"><img loading=\"lazy\" decoding=\"async\" width=\"680\" height=\"451\" src=\"https:\/\/blogdorogeriogomes.com.br\/wp-content\/uploads\/2022\/05\/images-33.jpeg\" alt=\"\" class=\"wp-image-25221\" srcset=\"https:\/\/blogdorogeriogomes.com.br\/noticias\/wp-content\/uploads\/2022\/05\/images-33.jpeg 680w, https:\/\/blogdorogeriogomes.com.br\/noticias\/wp-content\/uploads\/2022\/05\/images-33-300x199.jpeg 300w\" sizes=\"auto, (max-width: 680px) 100vw, 680px\" \/><\/figure>\n","protected":false},"excerpt":{"rendered":"<p>O dia no Supremo Tribunal Federal foi de reuni\u00f5es entre o presidente da Corte, Luiz Fux, com o presidente do Senado Federal, Rodrigo Pacheco, e com o ministro da Defesa, general Paulo S\u00e9rgio Nogueira. Os dois encontros foram uma rea\u00e7\u00e3o aos ataques feitos pelo presidente Jair Bolsonaro ao STF e tamb\u00e9m ao sistema eleitoral conduzido pelo TSE (Tribunal Superior Eleitoral). Com Rodrigo Pacheco, ficou acertado que que &#8220;anomalias graves&#8221;, como as declara\u00e7\u00f5es de Bolsonaro e aliados sobre interven\u00e7\u00e3o militar,&hellip;<\/p>\n","protected":false},"author":1,"featured_media":25221,"comment_status":"open","ping_status":"open","sticky":false,"template":"","format":"standard","meta":{"footnotes":""},"categories":[1],"tags":[],"class_list":["post-25220","post","type-post","status-publish","format-standard","has-post-thumbnail","hentry","category-noticias"],"_links":{"self":[{"href":"https:\/\/blogdorogeriogomes.com.br\/noticias\/wp-json\/wp\/v2\/posts\/25220","targetHints":{"allow":["GET"]}}],"collection":[{"href":"https:\/\/blogdorogeriogomes.com.br\/noticias\/wp-json\/wp\/v2\/posts"}],"about":[{"href":"https:\/\/blogdorogeriogomes.com.br\/noticias\/wp-json\/wp\/v2\/types\/post"}],"author":[{"embeddable":true,"href":"https:\/\/blogdorogeriogomes.com.br\/noticias\/wp-json\/wp\/v2\/users\/1"}],"replies":[{"embeddable":true,"href":"https:\/\/blogdorogeriogomes.com.br\/noticias\/wp-json\/wp\/v2\/comments?post=25220"}],"version-history":[{"count":1,"href":"https:\/\/blogdorogeriogomes.com.br\/noticias\/wp-json\/wp\/v2\/posts\/25220\/revisions"}],"predecessor-version":[{"id":25222,"href":"https:\/\/blogdorogeriogomes.com.br\/noticias\/wp-json\/wp\/v2\/posts\/25220\/revisions\/25222"}],"wp:featuredmedia":[{"embeddable":true,"href":"https:\/\/blogdorogeriogomes.com.br\/noticias\/wp-json\/wp\/v2\/media\/25221"}],"wp:attachment":[{"href":"https:\/\/blogdorogeriogomes.com.br\/noticias\/wp-json\/wp\/v2\/media?parent=25220"}],"wp:term":[{"taxonomy":"category","embeddable":true,"href":"https:\/\/blogdorogeriogomes.com.br\/noticias\/wp-json\/wp\/v2\/categories?post=25220"},{"taxonomy":"post_tag","embeddable":true,"href":"https:\/\/blogdorogeriogomes.com.br\/noticias\/wp-json\/wp\/v2\/tags?post=25220"}],"curies":[{"name":"wp","href":"https:\/\/api.w.org\/{rel}","templated":true}]}}