{"id":25229,"date":"2022-05-04T10:31:24","date_gmt":"2022-05-04T10:31:24","guid":{"rendered":"https:\/\/blogdorogeriogomes.com.br\/?p=25229"},"modified":"2022-05-05T10:06:39","modified_gmt":"2022-05-05T10:06:39","slug":"camara-dos-deputados-aprova-tramitacao-de-urgencia-em-projeto-que-pode-barrar-aumento-da-energia-eletrica-no-ceara-e-em-outros-estados","status":"publish","type":"post","link":"https:\/\/blogdorogeriogomes.com.br\/noticias\/2022\/05\/camara-dos-deputados-aprova-tramitacao-de-urgencia-em-projeto-que-pode-barrar-aumento-da-energia-eletrica-no-ceara-e-em-outros-estados\/","title":{"rendered":"C\u00e2mara dos Deputados aprova tramita\u00e7\u00e3o de urg\u00eancia em projeto que pode barrar aumento da energia el\u00e9trica no Cear\u00e1 e em outros estados"},"content":{"rendered":"\n<p>Mais um passo para barrar o aumento da energia el\u00e9trica no Cear\u00e1 e em outros estados foi dado nesta ter\u00e7a-feira, dia 3 de maio, foi dado na C\u00e2mara dos Deputados, em Bras\u00edlia. <\/p>\n\n\n\n<p>Foi aprovado um requerimento de urg\u00eancia para a tramita\u00e7\u00e3o de um projeto que estabelece a suspens\u00e3o dos reajustes nas contas de luz que v\u00eam sendo sucessivamente aprovados pela Ag\u00eancia Nacional de Energia El\u00e9trica (Aneel). A urg\u00eancia foi pautada pelo presidente da C\u00e2mara, deputado&nbsp;Arthur Lira a pedido do deputado federal cearense Domingos Neto.<\/p>\n\n\n\n<p>O projeto suspende especificamente os efeitos de uma decis\u00e3o da&nbsp;ANEEL em rela\u00e7\u00e3o ao reajuste de quase 25% na energia el\u00e9trica no Cear\u00e1, confirmado pela Enel.&nbsp;A ideia \u00e9 que a suspens\u00e3o no reajuste seja estendido para outros estados.<\/p>\n\n\n\n<p>O Minist\u00e9rio de Minas e Energia e a&nbsp;Aneel ser\u00e3o convocados pela C\u00e2mara dos Deputados para explicar os reajustes autorizados.<\/p>\n\n\n\n<figure class=\"wp-block-image size-full\"><img loading=\"lazy\" decoding=\"async\" width=\"580\" height=\"350\" src=\"https:\/\/blogdorogeriogomes.com.br\/wp-content\/uploads\/2022\/05\/images-34.jpeg\" alt=\"\" class=\"wp-image-25230\" srcset=\"https:\/\/blogdorogeriogomes.com.br\/noticias\/wp-content\/uploads\/2022\/05\/images-34.jpeg 580w, https:\/\/blogdorogeriogomes.com.br\/noticias\/wp-content\/uploads\/2022\/05\/images-34-300x181.jpeg 300w\" sizes=\"auto, (max-width: 580px) 100vw, 580px\" \/><\/figure>\n","protected":false},"excerpt":{"rendered":"<p>Mais um passo para barrar o aumento da energia el\u00e9trica no Cear\u00e1 e em outros estados foi dado nesta ter\u00e7a-feira, dia 3 de maio, foi dado na C\u00e2mara dos Deputados, em Bras\u00edlia. Foi aprovado um requerimento de urg\u00eancia para a tramita\u00e7\u00e3o de um projeto que estabelece a suspens\u00e3o dos reajustes nas contas de luz que v\u00eam sendo sucessivamente aprovados pela Ag\u00eancia Nacional de Energia El\u00e9trica (Aneel). A urg\u00eancia foi pautada pelo presidente da C\u00e2mara, deputado&nbsp;Arthur Lira a pedido do&hellip;<\/p>\n","protected":false},"author":1,"featured_media":25230,"comment_status":"open","ping_status":"open","sticky":false,"template":"","format":"standard","meta":{"footnotes":""},"categories":[1],"tags":[],"class_list":["post-25229","post","type-post","status-publish","format-standard","has-post-thumbnail","hentry","category-noticias"],"_links":{"self":[{"href":"https:\/\/blogdorogeriogomes.com.br\/noticias\/wp-json\/wp\/v2\/posts\/25229","targetHints":{"allow":["GET"]}}],"collection":[{"href":"https:\/\/blogdorogeriogomes.com.br\/noticias\/wp-json\/wp\/v2\/posts"}],"about":[{"href":"https:\/\/blogdorogeriogomes.com.br\/noticias\/wp-json\/wp\/v2\/types\/post"}],"author":[{"embeddable":true,"href":"https:\/\/blogdorogeriogomes.com.br\/noticias\/wp-json\/wp\/v2\/users\/1"}],"replies":[{"embeddable":true,"href":"https:\/\/blogdorogeriogomes.com.br\/noticias\/wp-json\/wp\/v2\/comments?post=25229"}],"version-history":[{"count":2,"href":"https:\/\/blogdorogeriogomes.com.br\/noticias\/wp-json\/wp\/v2\/posts\/25229\/revisions"}],"predecessor-version":[{"id":25246,"href":"https:\/\/blogdorogeriogomes.com.br\/noticias\/wp-json\/wp\/v2\/posts\/25229\/revisions\/25246"}],"wp:featuredmedia":[{"embeddable":true,"href":"https:\/\/blogdorogeriogomes.com.br\/noticias\/wp-json\/wp\/v2\/media\/25230"}],"wp:attachment":[{"href":"https:\/\/blogdorogeriogomes.com.br\/noticias\/wp-json\/wp\/v2\/media?parent=25229"}],"wp:term":[{"taxonomy":"category","embeddable":true,"href":"https:\/\/blogdorogeriogomes.com.br\/noticias\/wp-json\/wp\/v2\/categories?post=25229"},{"taxonomy":"post_tag","embeddable":true,"href":"https:\/\/blogdorogeriogomes.com.br\/noticias\/wp-json\/wp\/v2\/tags?post=25229"}],"curies":[{"name":"wp","href":"https:\/\/api.w.org\/{rel}","templated":true}]}}