{"id":25238,"date":"2022-05-04T23:08:03","date_gmt":"2022-05-04T23:08:03","guid":{"rendered":"https:\/\/blogdorogeriogomes.com.br\/?p=25238"},"modified":"2022-05-05T10:05:50","modified_gmt":"2022-05-05T10:05:50","slug":"direcao-estadual-do-pt-rebate-declaracoes-de-ciro-gomes-e-reafirma-alianca-com-pdt-para-disputa-estadual-em-outubro","status":"publish","type":"post","link":"https:\/\/blogdorogeriogomes.com.br\/noticias\/2022\/05\/direcao-estadual-do-pt-rebate-declaracoes-de-ciro-gomes-e-reafirma-alianca-com-pdt-para-disputa-estadual-em-outubro\/","title":{"rendered":"Dire\u00e7\u00e3o estadual do PT rebate declara\u00e7\u00f5es de Ciro Gomes e reafirma alian\u00e7a com PDT para disputa estadual em outubro"},"content":{"rendered":"\n<p>A dire\u00e7\u00e3o estadual do PT no Cear\u00e1 se reuniu nesta quarta-feira, dia 4 de maio, e classificou as declara\u00e7\u00f5es do presidenciavel pelo PDT, Ciro Gomes, como &#8220;levianas e oportunistas&#8221;. O pedetista insinuou que haveria den\u00fancias de corrup\u00e7\u00e3o em uma ala do partido no Cear\u00e1 e amea\u00e7ou romper a alian\u00e7a que une PT e PDT no Estado. Segundo nota publicada pelo Diret\u00f3rio Estadual do Partido dos Trabalhadores, Ciro mostra desespero por estar &#8220;amargando uma terceira coloca\u00e7\u00e3o em todas as sondagens feitas no Cear\u00e1&#8221; para a disputa presidencial. Ciro aparece atr\u00e1s de Lula e Jair Bolsonaro nas inten\u00e7\u00f5es de voto no Estado.<\/p>\n\n\n\n<p>A exemplo do que j\u00e1 defendeu a governadora Izolda Cela (PDT),  o comando do PT no Cear\u00e1 \u00e9 favor\u00e1vel \u00e0 manuten\u00e7\u00e3o da alian\u00e7a com o PDT e outras legendas que d\u00e3o sustenta\u00e7\u00e3o pol\u00edtica ao atual governo estadual. <\/p>\n\n\n\n<p>A nota do PT refor\u00e7a que a escolha do candidato governista tem de acontecer atrav\u00e9s de um consenso envolvendo todos os aliados. &#8220;N\u00e3o existe alian\u00e7a, nem projeto de um partido s\u00f3. Este projeto tem o PT, o PP, o MDB, o PSB, o PSD, o PCdoB, o PV, dentre outros&#8221;.<\/p>\n\n\n\n<p>A escolha do candidato governista deve ocorrer at\u00e9 o fim de junho. Entre os mais cotados est\u00e3o a atual governadora Izolda Cela e o ex-prefeito de Fortaleza, Roberto Cl\u00e1udio.<\/p>\n\n\n\n<figure class=\"wp-block-image size-full\"><img loading=\"lazy\" decoding=\"async\" width=\"418\" height=\"314\" src=\"https:\/\/blogdorogeriogomes.com.br\/wp-content\/uploads\/2022\/05\/PT.jpg\" alt=\"\" class=\"wp-image-25239\" srcset=\"https:\/\/blogdorogeriogomes.com.br\/noticias\/wp-content\/uploads\/2022\/05\/PT.jpg 418w, https:\/\/blogdorogeriogomes.com.br\/noticias\/wp-content\/uploads\/2022\/05\/PT-300x225.jpg 300w, https:\/\/blogdorogeriogomes.com.br\/noticias\/wp-content\/uploads\/2022\/05\/PT-400x300.jpg 400w\" sizes=\"auto, (max-width: 418px) 100vw, 418px\" \/><\/figure>\n","protected":false},"excerpt":{"rendered":"<p>A dire\u00e7\u00e3o estadual do PT no Cear\u00e1 se reuniu nesta quarta-feira, dia 4 de maio, e classificou as declara\u00e7\u00f5es do presidenciavel pelo PDT, Ciro Gomes, como &#8220;levianas e oportunistas&#8221;. O pedetista insinuou que haveria den\u00fancias de corrup\u00e7\u00e3o em uma ala do partido no Cear\u00e1 e amea\u00e7ou romper a alian\u00e7a que une PT e PDT no Estado. Segundo nota publicada pelo Diret\u00f3rio Estadual do Partido dos Trabalhadores, Ciro mostra desespero por estar &#8220;amargando uma terceira coloca\u00e7\u00e3o em todas as sondagens&hellip;<\/p>\n","protected":false},"author":1,"featured_media":25239,"comment_status":"open","ping_status":"open","sticky":false,"template":"","format":"standard","meta":{"footnotes":""},"categories":[1],"tags":[],"class_list":["post-25238","post","type-post","status-publish","format-standard","has-post-thumbnail","hentry","category-noticias"],"_links":{"self":[{"href":"https:\/\/blogdorogeriogomes.com.br\/noticias\/wp-json\/wp\/v2\/posts\/25238","targetHints":{"allow":["GET"]}}],"collection":[{"href":"https:\/\/blogdorogeriogomes.com.br\/noticias\/wp-json\/wp\/v2\/posts"}],"about":[{"href":"https:\/\/blogdorogeriogomes.com.br\/noticias\/wp-json\/wp\/v2\/types\/post"}],"author":[{"embeddable":true,"href":"https:\/\/blogdorogeriogomes.com.br\/noticias\/wp-json\/wp\/v2\/users\/1"}],"replies":[{"embeddable":true,"href":"https:\/\/blogdorogeriogomes.com.br\/noticias\/wp-json\/wp\/v2\/comments?post=25238"}],"version-history":[{"count":1,"href":"https:\/\/blogdorogeriogomes.com.br\/noticias\/wp-json\/wp\/v2\/posts\/25238\/revisions"}],"predecessor-version":[{"id":25240,"href":"https:\/\/blogdorogeriogomes.com.br\/noticias\/wp-json\/wp\/v2\/posts\/25238\/revisions\/25240"}],"wp:featuredmedia":[{"embeddable":true,"href":"https:\/\/blogdorogeriogomes.com.br\/noticias\/wp-json\/wp\/v2\/media\/25239"}],"wp:attachment":[{"href":"https:\/\/blogdorogeriogomes.com.br\/noticias\/wp-json\/wp\/v2\/media?parent=25238"}],"wp:term":[{"taxonomy":"category","embeddable":true,"href":"https:\/\/blogdorogeriogomes.com.br\/noticias\/wp-json\/wp\/v2\/categories?post=25238"},{"taxonomy":"post_tag","embeddable":true,"href":"https:\/\/blogdorogeriogomes.com.br\/noticias\/wp-json\/wp\/v2\/tags?post=25238"}],"curies":[{"name":"wp","href":"https:\/\/api.w.org\/{rel}","templated":true}]}}