{"id":25253,"date":"2022-05-05T23:04:23","date_gmt":"2022-05-05T23:04:23","guid":{"rendered":"https:\/\/blogdorogeriogomes.com.br\/?p=25253"},"modified":"2022-05-06T12:15:31","modified_gmt":"2022-05-06T12:15:31","slug":"governo-estadual-revoga-tarifa-de-contingencia-sobre-a-conta-de-agua-na-grande-fortaleza","status":"publish","type":"post","link":"https:\/\/blogdorogeriogomes.com.br\/noticias\/2022\/05\/governo-estadual-revoga-tarifa-de-contingencia-sobre-a-conta-de-agua-na-grande-fortaleza\/","title":{"rendered":"Governo Estadual revoga tarifa de conting\u00eancia sobre a conta de \u00e1gua na Grande Fortaleza"},"content":{"rendered":"\n<p>A governadora do Cear\u00e1, Izolda Cela, anunciou o fim da tarifa de conting\u00eancia da \u00e1gua, taxa da Companhia de \u00c1gua e Esgoto do Cear\u00e1 (Cagece), criada em 2015 em raz\u00e3o de um per\u00edodo de forte escassez h\u00eddrica. Mais de 353 mil domic\u00edlios ser\u00e3o beneficiados. O consumo do m\u00eas de maio j\u00e1 n\u00e3o ter\u00e1 o aditivo que passar\u00e1 a n\u00e3o ser cobrado na conta do m\u00eas subsequente.<\/p>\n\n\n\n<p>A medida foi poss\u00edvel, devido ao aporte dos reservat\u00f3rios durante a quadra chuvosa de 2022. Dados recentes da Cogerh contabilizam um refor\u00e7o de 3,64 bilh\u00f5es de metros c\u00fabicos nos reservat\u00f3rios do Cear\u00e1.O volume dos a\u00e7udes no Estado chega a 37% da capacidade e segue subindo.<\/p>\n\n\n\n<p>De acordo com Izolda Cela, a situa\u00e7\u00e3o atual d\u00e1 autonomia de \u00e1gua para a regi\u00e3o servida pelos a\u00e7udes Pacajus, Pacoti, Riach\u00e3o e Gavi\u00e3o por dois anos sem precisar da necessidade da \u00e1gua do Castanh\u00e3o.<br><\/p>\n\n\n\n<figure class=\"wp-block-image size-full\"><img loading=\"lazy\" decoding=\"async\" width=\"739\" height=\"415\" src=\"https:\/\/blogdorogeriogomes.com.br\/wp-content\/uploads\/2022\/05\/images-37.jpeg\" alt=\"\" class=\"wp-image-25254\" srcset=\"https:\/\/blogdorogeriogomes.com.br\/noticias\/wp-content\/uploads\/2022\/05\/images-37.jpeg 739w, https:\/\/blogdorogeriogomes.com.br\/noticias\/wp-content\/uploads\/2022\/05\/images-37-300x168.jpeg 300w\" sizes=\"auto, (max-width: 739px) 100vw, 739px\" \/><\/figure>\n\n\n\n<p><br><\/p>\n","protected":false},"excerpt":{"rendered":"<p>A governadora do Cear\u00e1, Izolda Cela, anunciou o fim da tarifa de conting\u00eancia da \u00e1gua, taxa da Companhia de \u00c1gua e Esgoto do Cear\u00e1 (Cagece), criada em 2015 em raz\u00e3o de um per\u00edodo de forte escassez h\u00eddrica. Mais de 353 mil domic\u00edlios ser\u00e3o beneficiados. O consumo do m\u00eas de maio j\u00e1 n\u00e3o ter\u00e1 o aditivo que passar\u00e1 a n\u00e3o ser cobrado na conta do m\u00eas subsequente. A medida foi poss\u00edvel, devido ao aporte dos reservat\u00f3rios durante a quadra chuvosa&hellip;<\/p>\n","protected":false},"author":1,"featured_media":25254,"comment_status":"open","ping_status":"open","sticky":false,"template":"","format":"standard","meta":{"footnotes":""},"categories":[1],"tags":[],"class_list":["post-25253","post","type-post","status-publish","format-standard","has-post-thumbnail","hentry","category-noticias"],"_links":{"self":[{"href":"https:\/\/blogdorogeriogomes.com.br\/noticias\/wp-json\/wp\/v2\/posts\/25253","targetHints":{"allow":["GET"]}}],"collection":[{"href":"https:\/\/blogdorogeriogomes.com.br\/noticias\/wp-json\/wp\/v2\/posts"}],"about":[{"href":"https:\/\/blogdorogeriogomes.com.br\/noticias\/wp-json\/wp\/v2\/types\/post"}],"author":[{"embeddable":true,"href":"https:\/\/blogdorogeriogomes.com.br\/noticias\/wp-json\/wp\/v2\/users\/1"}],"replies":[{"embeddable":true,"href":"https:\/\/blogdorogeriogomes.com.br\/noticias\/wp-json\/wp\/v2\/comments?post=25253"}],"version-history":[{"count":1,"href":"https:\/\/blogdorogeriogomes.com.br\/noticias\/wp-json\/wp\/v2\/posts\/25253\/revisions"}],"predecessor-version":[{"id":25255,"href":"https:\/\/blogdorogeriogomes.com.br\/noticias\/wp-json\/wp\/v2\/posts\/25253\/revisions\/25255"}],"wp:featuredmedia":[{"embeddable":true,"href":"https:\/\/blogdorogeriogomes.com.br\/noticias\/wp-json\/wp\/v2\/media\/25254"}],"wp:attachment":[{"href":"https:\/\/blogdorogeriogomes.com.br\/noticias\/wp-json\/wp\/v2\/media?parent=25253"}],"wp:term":[{"taxonomy":"category","embeddable":true,"href":"https:\/\/blogdorogeriogomes.com.br\/noticias\/wp-json\/wp\/v2\/categories?post=25253"},{"taxonomy":"post_tag","embeddable":true,"href":"https:\/\/blogdorogeriogomes.com.br\/noticias\/wp-json\/wp\/v2\/tags?post=25253"}],"curies":[{"name":"wp","href":"https:\/\/api.w.org\/{rel}","templated":true}]}}