{"id":25256,"date":"2022-05-06T00:15:39","date_gmt":"2022-05-06T00:15:39","guid":{"rendered":"https:\/\/blogdorogeriogomes.com.br\/?p=25256"},"modified":"2022-05-06T12:15:20","modified_gmt":"2022-05-06T12:15:20","slug":"idosos-a-partir-de-70-anos-ja-podem-tomar-quarta-dose-da-vacina-contra-a-covid-19-no-ceara","status":"publish","type":"post","link":"https:\/\/blogdorogeriogomes.com.br\/noticias\/2022\/05\/idosos-a-partir-de-70-anos-ja-podem-tomar-quarta-dose-da-vacina-contra-a-covid-19-no-ceara\/","title":{"rendered":"Idosos a partir de 70 anos j\u00e1 podem tomar quarta dose da vacina contra a Covid-19 no Cear\u00e1"},"content":{"rendered":"\n<p>A Secretaria da Sa\u00fade do Cear\u00e1 (Sesa) segue recomenda\u00e7\u00e3o do Minist\u00e9rio da Sa\u00fade (MS), por meio do Plano Nacional de Imuniza\u00e7\u00e3o (PNI), para a aplica\u00e7\u00e3o do segundo refor\u00e7o (quarta dose) da vacina contra a Covid-19 em idosos a partir de 70 anos e pessoas com 60 anos ou mais institucionalizadas (vivendo em lares de longa perman\u00eancia). A C\u00e9lula de Imuniza\u00e7\u00e3o da pasta estadual repassou a orienta\u00e7\u00e3o nessa quarta-feira, dia 4 de maio, aos 184 munic\u00edpios cearenses, que j\u00e1 podem iniciar a estrat\u00e9gia com as doses em estoque.<\/p>\n\n\n\n<p>No Cear\u00e1, a medida beneficia quase 400 mil idosos, que comp\u00f5em os novos perfis contemplados na recomenda\u00e7\u00e3o do Minist\u00e9rio da Sa\u00fade. A Sesa lembra que compete aos munic\u00edpios definir o planejamento para o alcance dos grupos eleg\u00edveis para a campanha de vacina\u00e7\u00e3o contra a doen\u00e7a. No entanto, \u00e9 indicada a prioriza\u00e7\u00e3o das faixas et\u00e1rias por ordem decrescente.<\/p>\n\n\n\n<figure class=\"wp-block-image size-full\"><img loading=\"lazy\" decoding=\"async\" width=\"775\" height=\"485\" src=\"https:\/\/blogdorogeriogomes.com.br\/wp-content\/uploads\/2022\/05\/210607_VACINACAO-CEC_TS5625-1-1-1.jpg\" alt=\"\" class=\"wp-image-25257\" srcset=\"https:\/\/blogdorogeriogomes.com.br\/noticias\/wp-content\/uploads\/2022\/05\/210607_VACINACAO-CEC_TS5625-1-1-1.jpg 775w, https:\/\/blogdorogeriogomes.com.br\/noticias\/wp-content\/uploads\/2022\/05\/210607_VACINACAO-CEC_TS5625-1-1-1-300x188.jpg 300w, https:\/\/blogdorogeriogomes.com.br\/noticias\/wp-content\/uploads\/2022\/05\/210607_VACINACAO-CEC_TS5625-1-1-1-768x481.jpg 768w\" sizes=\"auto, (max-width: 775px) 100vw, 775px\" \/><\/figure>\n","protected":false},"excerpt":{"rendered":"<p>A Secretaria da Sa\u00fade do Cear\u00e1 (Sesa) segue recomenda\u00e7\u00e3o do Minist\u00e9rio da Sa\u00fade (MS), por meio do Plano Nacional de Imuniza\u00e7\u00e3o (PNI), para a aplica\u00e7\u00e3o do segundo refor\u00e7o (quarta dose) da vacina contra a Covid-19 em idosos a partir de 70 anos e pessoas com 60 anos ou mais institucionalizadas (vivendo em lares de longa perman\u00eancia). A C\u00e9lula de Imuniza\u00e7\u00e3o da pasta estadual repassou a orienta\u00e7\u00e3o nessa quarta-feira, dia 4 de maio, aos 184 munic\u00edpios cearenses, que j\u00e1 podem&hellip;<\/p>\n","protected":false},"author":1,"featured_media":25257,"comment_status":"open","ping_status":"open","sticky":false,"template":"","format":"standard","meta":{"footnotes":""},"categories":[1],"tags":[],"class_list":["post-25256","post","type-post","status-publish","format-standard","has-post-thumbnail","hentry","category-noticias"],"_links":{"self":[{"href":"https:\/\/blogdorogeriogomes.com.br\/noticias\/wp-json\/wp\/v2\/posts\/25256","targetHints":{"allow":["GET"]}}],"collection":[{"href":"https:\/\/blogdorogeriogomes.com.br\/noticias\/wp-json\/wp\/v2\/posts"}],"about":[{"href":"https:\/\/blogdorogeriogomes.com.br\/noticias\/wp-json\/wp\/v2\/types\/post"}],"author":[{"embeddable":true,"href":"https:\/\/blogdorogeriogomes.com.br\/noticias\/wp-json\/wp\/v2\/users\/1"}],"replies":[{"embeddable":true,"href":"https:\/\/blogdorogeriogomes.com.br\/noticias\/wp-json\/wp\/v2\/comments?post=25256"}],"version-history":[{"count":1,"href":"https:\/\/blogdorogeriogomes.com.br\/noticias\/wp-json\/wp\/v2\/posts\/25256\/revisions"}],"predecessor-version":[{"id":25258,"href":"https:\/\/blogdorogeriogomes.com.br\/noticias\/wp-json\/wp\/v2\/posts\/25256\/revisions\/25258"}],"wp:featuredmedia":[{"embeddable":true,"href":"https:\/\/blogdorogeriogomes.com.br\/noticias\/wp-json\/wp\/v2\/media\/25257"}],"wp:attachment":[{"href":"https:\/\/blogdorogeriogomes.com.br\/noticias\/wp-json\/wp\/v2\/media?parent=25256"}],"wp:term":[{"taxonomy":"category","embeddable":true,"href":"https:\/\/blogdorogeriogomes.com.br\/noticias\/wp-json\/wp\/v2\/categories?post=25256"},{"taxonomy":"post_tag","embeddable":true,"href":"https:\/\/blogdorogeriogomes.com.br\/noticias\/wp-json\/wp\/v2\/tags?post=25256"}],"curies":[{"name":"wp","href":"https:\/\/api.w.org\/{rel}","templated":true}]}}