{"id":25259,"date":"2022-05-06T01:15:33","date_gmt":"2022-05-06T01:15:33","guid":{"rendered":"https:\/\/blogdorogeriogomes.com.br\/?p=25259"},"modified":"2022-05-06T12:15:11","modified_gmt":"2022-05-06T12:15:11","slug":"assembleia-legislativa-apresenta-versao-preliminar-do-plano-estrategico-de-saneamento-basico","status":"publish","type":"post","link":"https:\/\/blogdorogeriogomes.com.br\/noticias\/2022\/05\/assembleia-legislativa-apresenta-versao-preliminar-do-plano-estrategico-de-saneamento-basico\/","title":{"rendered":"Assembleia Legislativa apresenta vers\u00e3o preliminar do Plano Estrat\u00e9gico de Saneamento B\u00e1sico"},"content":{"rendered":"\n<p>A Assembleia Legislativa do Estado do Cear\u00e1, por meio do Conselho de Altos Estudos e Assuntos Estrat\u00e9gicos, realiza reuni\u00e3o com os relatores dos programas do Pacto pelo Saneamento B\u00e1sico, para a apresenta\u00e7\u00e3o da vers\u00e3o preliminar do Plano Estrat\u00e9gico do Saneamento B\u00e1sico. Ser\u00e3o feitos os encaminhamentos para a elabora\u00e7\u00e3o da proposta de governan\u00e7a e prestados informes sobre a metodologia coletiva de elabora\u00e7\u00e3o do plano, com base nos eixos tem\u00e1ticos definidos, que s\u00e3o abastecimento, esgotamento sanit\u00e1rio, gest\u00e3o de res\u00edduos s\u00f3lidos, drenagem, saneamento rural e educa\u00e7\u00e3o ambiental para o saneamento. O encontro acontece nesta sexta-feira, dia 6 de maio. Esta ser\u00e1 a 8\u00aa Reuni\u00e3o da Coordena\u00e7\u00e3o T\u00e9cnica do Pacto pelo Saneamento B\u00e1sico.<br>Segundo a coordenadora t\u00e9cnica do Pacto pelo Saneamento B\u00e1sico, Rosana Garjulli, a vers\u00e3o preliminar do Plano Estrat\u00e9gico ser\u00e1 apresentada destacando a metodologia de elabora\u00e7\u00e3o coletiva, que resultou em 45 propostas de programas que visam contribuir para a supera\u00e7\u00e3o dos desafios da universaliza\u00e7\u00e3o do Saneamento B\u00e1sico no Estado. Ser\u00e1 definida a estrat\u00e9gia de realiza\u00e7\u00e3o da consulta p\u00fablica, feita de forma digital, principalmente para as institui\u00e7\u00f5es que desenvolvem atividades no setor como as prefeituras, por meio de suas secretarias de infraestrutura, agricultura e meio ambiente, al\u00e9m dos \u00f3rg\u00e3os federais e estaduais. \u201cAlguns dos programas j\u00e1 s\u00e3o implementados com financiamento internacional, federal ou estadual. Outros dizem respeito a novas propostas que os \u00f3rg\u00e3os colocam em pr\u00e1tica, em a\u00e7\u00f5es que se enquadram nos diferentes eixos, como o programa da CAGECE para a redu\u00e7\u00e3o de perdas nos sistemas de abastecimento\u201d, explica Garjulli.<br>H\u00e1 tamb\u00e9m programas voltados para uma maior inclus\u00e3o e profissionaliza\u00e7\u00e3o dos catadores na \u00e1rea de res\u00edduos s\u00f3lidos. \u201cTemos uma s\u00e9rie de proposi\u00e7\u00f5es que visam aperfei\u00e7oar e avan\u00e7ar na universaliza\u00e7\u00e3o dos servi\u00e7os de saneamento b\u00e1sico no Cear\u00e1\u201d, destaca Rosana. Por meio da consulta p\u00fablica, ser\u00e1 solicitada das institui\u00e7\u00f5es a colabora\u00e7\u00e3o para o aperfei\u00e7oamento dos programas propostos, definindo se h\u00e1 interesse de se integrar na execu\u00e7\u00e3o de algum programa, nos n\u00edveis estadual ou municipal. \u201c\u00c9 importante saber quem vai assumir, quando e com qual contribui\u00e7\u00e3o\u201d, refor\u00e7a Rosana. A previs\u00e3o de conclus\u00e3o do Plano Estrat\u00e9gico \u00e9 o final de junho, encerrando o Pacto pelo Saneamento B\u00e1sico com a apresenta\u00e7\u00e3o do Plano Estadual de Saneamento B\u00e1sico, que est\u00e1 sendo contratado pela Secretaria das Cidades com financiamento do Banco Mundial.<br><\/p>\n\n\n\n<figure class=\"wp-block-image size-full\"><img loading=\"lazy\" decoding=\"async\" width=\"600\" height=\"400\" src=\"https:\/\/blogdorogeriogomes.com.br\/wp-content\/uploads\/2022\/05\/images-38.jpeg\" alt=\"\" class=\"wp-image-25260\" srcset=\"https:\/\/blogdorogeriogomes.com.br\/noticias\/wp-content\/uploads\/2022\/05\/images-38.jpeg 600w, https:\/\/blogdorogeriogomes.com.br\/noticias\/wp-content\/uploads\/2022\/05\/images-38-300x200.jpeg 300w\" sizes=\"auto, (max-width: 600px) 100vw, 600px\" \/><\/figure>\n","protected":false},"excerpt":{"rendered":"<p>A Assembleia Legislativa do Estado do Cear\u00e1, por meio do Conselho de Altos Estudos e Assuntos Estrat\u00e9gicos, realiza reuni\u00e3o com os relatores dos programas do Pacto pelo Saneamento B\u00e1sico, para a apresenta\u00e7\u00e3o da vers\u00e3o preliminar do Plano Estrat\u00e9gico do Saneamento B\u00e1sico. Ser\u00e3o feitos os encaminhamentos para a elabora\u00e7\u00e3o da proposta de governan\u00e7a e prestados informes sobre a metodologia coletiva de elabora\u00e7\u00e3o do plano, com base nos eixos tem\u00e1ticos definidos, que s\u00e3o abastecimento, esgotamento sanit\u00e1rio, gest\u00e3o de res\u00edduos s\u00f3lidos, drenagem,&hellip;<\/p>\n","protected":false},"author":1,"featured_media":25260,"comment_status":"open","ping_status":"open","sticky":false,"template":"","format":"standard","meta":{"footnotes":""},"categories":[1],"tags":[],"class_list":["post-25259","post","type-post","status-publish","format-standard","has-post-thumbnail","hentry","category-noticias"],"_links":{"self":[{"href":"https:\/\/blogdorogeriogomes.com.br\/noticias\/wp-json\/wp\/v2\/posts\/25259","targetHints":{"allow":["GET"]}}],"collection":[{"href":"https:\/\/blogdorogeriogomes.com.br\/noticias\/wp-json\/wp\/v2\/posts"}],"about":[{"href":"https:\/\/blogdorogeriogomes.com.br\/noticias\/wp-json\/wp\/v2\/types\/post"}],"author":[{"embeddable":true,"href":"https:\/\/blogdorogeriogomes.com.br\/noticias\/wp-json\/wp\/v2\/users\/1"}],"replies":[{"embeddable":true,"href":"https:\/\/blogdorogeriogomes.com.br\/noticias\/wp-json\/wp\/v2\/comments?post=25259"}],"version-history":[{"count":1,"href":"https:\/\/blogdorogeriogomes.com.br\/noticias\/wp-json\/wp\/v2\/posts\/25259\/revisions"}],"predecessor-version":[{"id":25261,"href":"https:\/\/blogdorogeriogomes.com.br\/noticias\/wp-json\/wp\/v2\/posts\/25259\/revisions\/25261"}],"wp:featuredmedia":[{"embeddable":true,"href":"https:\/\/blogdorogeriogomes.com.br\/noticias\/wp-json\/wp\/v2\/media\/25260"}],"wp:attachment":[{"href":"https:\/\/blogdorogeriogomes.com.br\/noticias\/wp-json\/wp\/v2\/media?parent=25259"}],"wp:term":[{"taxonomy":"category","embeddable":true,"href":"https:\/\/blogdorogeriogomes.com.br\/noticias\/wp-json\/wp\/v2\/categories?post=25259"},{"taxonomy":"post_tag","embeddable":true,"href":"https:\/\/blogdorogeriogomes.com.br\/noticias\/wp-json\/wp\/v2\/tags?post=25259"}],"curies":[{"name":"wp","href":"https:\/\/api.w.org\/{rel}","templated":true}]}}