{"id":25263,"date":"2022-05-06T10:18:24","date_gmt":"2022-05-06T10:18:24","guid":{"rendered":"https:\/\/blogdorogeriogomes.com.br\/?p=25263"},"modified":"2022-05-06T12:15:01","modified_gmt":"2022-05-06T12:15:01","slug":"rodrigo-pacheco-assume-presidencia-da-republica-com-viagens-de-bolsonaro-mourao-e-arthur-lira","status":"publish","type":"post","link":"https:\/\/blogdorogeriogomes.com.br\/noticias\/2022\/05\/rodrigo-pacheco-assume-presidencia-da-republica-com-viagens-de-bolsonaro-mourao-e-arthur-lira\/","title":{"rendered":"Rodrigo Pacheco assume presid\u00eancia da Rep\u00fablica com viagens de Bolsonaro, Mour\u00e3o e Arthur Lira"},"content":{"rendered":"\n<p>O presidente do&nbsp;Senado Federal,&nbsp;Rodrigo Pacheco (PSD-MG), que tem defendido abertamente o processo eleitoral no Pa\u00eds com o uso das urnas eletr\u00f4nicas, assume nesta sexta-feira, dia 6 de maio, de forma interina a Presid\u00eancia da Rep\u00fablica. \u00c9 a primeira vez que o senador mineiro fica \u00e0 frente do Pal\u00e1cio do Planalto.<\/p>\n\n\n\n<p>Terceiro na linha sucess\u00f3ria, Pacheco ficar\u00e1 \u00e0 frente do Executivo porque o presidente&nbsp;Jair Bolsonaro, o vice-presidente&nbsp;Hamilton Mour\u00e3o e o presidente da C\u00e2mara dos Deputados,&nbsp;Arthur Lira&nbsp;(PP-AL), est\u00e3o em viagens ao exterior.<\/p>\n\n\n\n<p>Bolsonaro tem agenda nesta sexta-feira em Georgetown, na Guiana, com previs\u00e3o de retornar a Bras\u00edlia no final do dia.<\/p>\n\n\n\n<p>Hamilton Mour\u00e3o est\u00e1 desde quinta-feira, dia 5, em Montevid\u00e9u, no Uruguai, onde ter\u00e1 encontro com a vice-presidente daquele pa\u00eds, Beatriz Argim\u00f3n, nessa sexta. Mour\u00e3o retorna no s\u00e1bado, dia 7, a Bras\u00edlia.<\/p>\n\n\n\n<p>J\u00e1 Arthur Lira, que viajou para Nova York, nos Estados Unidos, n\u00e3o divulgou sua agenda de compromissos.<\/p>\n\n\n\n<figure class=\"wp-block-image size-full\"><img loading=\"lazy\" decoding=\"async\" width=\"984\" height=\"656\" src=\"https:\/\/blogdorogeriogomes.com.br\/wp-content\/uploads\/2022\/05\/51932859510-000f14d3b8-o.jpg\" alt=\"\" class=\"wp-image-25264\" srcset=\"https:\/\/blogdorogeriogomes.com.br\/noticias\/wp-content\/uploads\/2022\/05\/51932859510-000f14d3b8-o.jpg 984w, https:\/\/blogdorogeriogomes.com.br\/noticias\/wp-content\/uploads\/2022\/05\/51932859510-000f14d3b8-o-300x200.jpg 300w, https:\/\/blogdorogeriogomes.com.br\/noticias\/wp-content\/uploads\/2022\/05\/51932859510-000f14d3b8-o-768x512.jpg 768w, https:\/\/blogdorogeriogomes.com.br\/noticias\/wp-content\/uploads\/2022\/05\/51932859510-000f14d3b8-o-800x533.jpg 800w\" sizes=\"auto, (max-width: 984px) 100vw, 984px\" \/><\/figure>\n","protected":false},"excerpt":{"rendered":"<p>O presidente do&nbsp;Senado Federal,&nbsp;Rodrigo Pacheco (PSD-MG), que tem defendido abertamente o processo eleitoral no Pa\u00eds com o uso das urnas eletr\u00f4nicas, assume nesta sexta-feira, dia 6 de maio, de forma interina a Presid\u00eancia da Rep\u00fablica. \u00c9 a primeira vez que o senador mineiro fica \u00e0 frente do Pal\u00e1cio do Planalto. Terceiro na linha sucess\u00f3ria, Pacheco ficar\u00e1 \u00e0 frente do Executivo porque o presidente&nbsp;Jair Bolsonaro, o vice-presidente&nbsp;Hamilton Mour\u00e3o e o presidente da C\u00e2mara dos Deputados,&nbsp;Arthur Lira&nbsp;(PP-AL), est\u00e3o em viagens ao&hellip;<\/p>\n","protected":false},"author":1,"featured_media":25264,"comment_status":"open","ping_status":"open","sticky":false,"template":"","format":"standard","meta":{"footnotes":""},"categories":[1],"tags":[],"class_list":["post-25263","post","type-post","status-publish","format-standard","has-post-thumbnail","hentry","category-noticias"],"_links":{"self":[{"href":"https:\/\/blogdorogeriogomes.com.br\/noticias\/wp-json\/wp\/v2\/posts\/25263","targetHints":{"allow":["GET"]}}],"collection":[{"href":"https:\/\/blogdorogeriogomes.com.br\/noticias\/wp-json\/wp\/v2\/posts"}],"about":[{"href":"https:\/\/blogdorogeriogomes.com.br\/noticias\/wp-json\/wp\/v2\/types\/post"}],"author":[{"embeddable":true,"href":"https:\/\/blogdorogeriogomes.com.br\/noticias\/wp-json\/wp\/v2\/users\/1"}],"replies":[{"embeddable":true,"href":"https:\/\/blogdorogeriogomes.com.br\/noticias\/wp-json\/wp\/v2\/comments?post=25263"}],"version-history":[{"count":2,"href":"https:\/\/blogdorogeriogomes.com.br\/noticias\/wp-json\/wp\/v2\/posts\/25263\/revisions"}],"predecessor-version":[{"id":25269,"href":"https:\/\/blogdorogeriogomes.com.br\/noticias\/wp-json\/wp\/v2\/posts\/25263\/revisions\/25269"}],"wp:featuredmedia":[{"embeddable":true,"href":"https:\/\/blogdorogeriogomes.com.br\/noticias\/wp-json\/wp\/v2\/media\/25264"}],"wp:attachment":[{"href":"https:\/\/blogdorogeriogomes.com.br\/noticias\/wp-json\/wp\/v2\/media?parent=25263"}],"wp:term":[{"taxonomy":"category","embeddable":true,"href":"https:\/\/blogdorogeriogomes.com.br\/noticias\/wp-json\/wp\/v2\/categories?post=25263"},{"taxonomy":"post_tag","embeddable":true,"href":"https:\/\/blogdorogeriogomes.com.br\/noticias\/wp-json\/wp\/v2\/tags?post=25263"}],"curies":[{"name":"wp","href":"https:\/\/api.w.org\/{rel}","templated":true}]}}