{"id":25274,"date":"2022-05-06T19:04:56","date_gmt":"2022-05-06T19:04:56","guid":{"rendered":"https:\/\/blogdorogeriogomes.com.br\/?p=25274"},"modified":"2022-05-09T12:56:25","modified_gmt":"2022-05-09T12:56:25","slug":"geraldo-alckmin-e-diagnosticado-com-covid-19-e-participa-de-lancamento-de-chapa-com-lula-por-video-neste-sabado","status":"publish","type":"post","link":"https:\/\/blogdorogeriogomes.com.br\/noticias\/2022\/05\/geraldo-alckmin-e-diagnosticado-com-covid-19-e-participa-de-lancamento-de-chapa-com-lula-por-video-neste-sabado\/","title":{"rendered":"Geraldo Alckmin \u00e9 diagnosticado com Covid-19 e participa de lan\u00e7amento de chapa com Lula por v\u00eddeo neste s\u00e1bado"},"content":{"rendered":"\n<p>O ex-governador de S\u00e3o Paulo, Geraldo Alckmin (PSB), foi diagnosticado com Covid-19, nesta sexta-feira, dia 6 de maio, e participar\u00e1 do lan\u00e7amento da chapa presidencial com Lula (PT), neste s\u00e1bado, dia 7, por v\u00eddeo em S\u00e3o Paulo.<\/p>\n\n\n\n<p>Alckmin ter\u00e1 papel estrat\u00e9gico na chapa com Lula na busca por votos mais ao centro pol\u00edtico, al\u00e9m de ser um interlocutor com setores empresariais e do agroneg\u00f3cio. A ideia \u00e9 que ap\u00f3s o lan\u00e7amento da chapa, Lula e Alckimin devem iniciar uma s\u00e9rie de viagens pelo Pa\u00eds que se inicia por Minas Gerais, Santa Catarina e interior de S\u00e3o Paulo.<\/p>\n\n\n\n<p>V\u00e1rios governadores e ex-governadores devem marcar presen\u00e7a no lan\u00e7amento da chapa Lula\/Alckmin em S\u00e3o Paulo, neste s\u00e1bado. Entre eles, o ex-governador do Cear\u00e1, Camilo Santana (PT), que ser\u00e1 candidato ao Senado em outubro.<\/p>\n\n\n\n<figure class=\"wp-block-image size-full\"><img loading=\"lazy\" decoding=\"async\" width=\"715\" height=\"429\" src=\"https:\/\/blogdorogeriogomes.com.br\/wp-content\/uploads\/2022\/05\/images-40.jpeg\" alt=\"\" class=\"wp-image-25275\" srcset=\"https:\/\/blogdorogeriogomes.com.br\/noticias\/wp-content\/uploads\/2022\/05\/images-40.jpeg 715w, https:\/\/blogdorogeriogomes.com.br\/noticias\/wp-content\/uploads\/2022\/05\/images-40-300x180.jpeg 300w\" sizes=\"auto, (max-width: 715px) 100vw, 715px\" \/><\/figure>\n","protected":false},"excerpt":{"rendered":"<p>O ex-governador de S\u00e3o Paulo, Geraldo Alckmin (PSB), foi diagnosticado com Covid-19, nesta sexta-feira, dia 6 de maio, e participar\u00e1 do lan\u00e7amento da chapa presidencial com Lula (PT), neste s\u00e1bado, dia 7, por v\u00eddeo em S\u00e3o Paulo. Alckmin ter\u00e1 papel estrat\u00e9gico na chapa com Lula na busca por votos mais ao centro pol\u00edtico, al\u00e9m de ser um interlocutor com setores empresariais e do agroneg\u00f3cio. A ideia \u00e9 que ap\u00f3s o lan\u00e7amento da chapa, Lula e Alckimin devem iniciar uma&hellip;<\/p>\n","protected":false},"author":1,"featured_media":25275,"comment_status":"open","ping_status":"open","sticky":false,"template":"","format":"standard","meta":{"footnotes":""},"categories":[1],"tags":[],"class_list":["post-25274","post","type-post","status-publish","format-standard","has-post-thumbnail","hentry","category-noticias"],"_links":{"self":[{"href":"https:\/\/blogdorogeriogomes.com.br\/noticias\/wp-json\/wp\/v2\/posts\/25274","targetHints":{"allow":["GET"]}}],"collection":[{"href":"https:\/\/blogdorogeriogomes.com.br\/noticias\/wp-json\/wp\/v2\/posts"}],"about":[{"href":"https:\/\/blogdorogeriogomes.com.br\/noticias\/wp-json\/wp\/v2\/types\/post"}],"author":[{"embeddable":true,"href":"https:\/\/blogdorogeriogomes.com.br\/noticias\/wp-json\/wp\/v2\/users\/1"}],"replies":[{"embeddable":true,"href":"https:\/\/blogdorogeriogomes.com.br\/noticias\/wp-json\/wp\/v2\/comments?post=25274"}],"version-history":[{"count":1,"href":"https:\/\/blogdorogeriogomes.com.br\/noticias\/wp-json\/wp\/v2\/posts\/25274\/revisions"}],"predecessor-version":[{"id":25276,"href":"https:\/\/blogdorogeriogomes.com.br\/noticias\/wp-json\/wp\/v2\/posts\/25274\/revisions\/25276"}],"wp:featuredmedia":[{"embeddable":true,"href":"https:\/\/blogdorogeriogomes.com.br\/noticias\/wp-json\/wp\/v2\/media\/25275"}],"wp:attachment":[{"href":"https:\/\/blogdorogeriogomes.com.br\/noticias\/wp-json\/wp\/v2\/media?parent=25274"}],"wp:term":[{"taxonomy":"category","embeddable":true,"href":"https:\/\/blogdorogeriogomes.com.br\/noticias\/wp-json\/wp\/v2\/categories?post=25274"},{"taxonomy":"post_tag","embeddable":true,"href":"https:\/\/blogdorogeriogomes.com.br\/noticias\/wp-json\/wp\/v2\/tags?post=25274"}],"curies":[{"name":"wp","href":"https:\/\/api.w.org\/{rel}","templated":true}]}}