{"id":25280,"date":"2022-05-09T11:32:15","date_gmt":"2022-05-09T11:32:15","guid":{"rendered":"https:\/\/blogdorogeriogomes.com.br\/?p=25280"},"modified":"2022-05-09T12:55:52","modified_gmt":"2022-05-09T12:55:52","slug":"combustiveis-podem-sofrer-novos-reajustes-em-maio-no-ceara","status":"publish","type":"post","link":"https:\/\/blogdorogeriogomes.com.br\/noticias\/2022\/05\/combustiveis-podem-sofrer-novos-reajustes-em-maio-no-ceara\/","title":{"rendered":"Combust\u00edveis podem sofrer novos reajustes em maio no Cear\u00e1"},"content":{"rendered":"\n<p>A alta no pre\u00e7o do petr\u00f3leo amea\u00e7a novos reajustes nos pre\u00e7os dos combust\u00edveis neste m\u00eas de maio. Mas o problema n\u00e3o \u00e9 s\u00f3 esse. No Cear\u00e1, o aumento etanol anidro, que \u00e9 adicionado \u00e0 gasolina, tem provocado o reajuste do produto mesmo sem interfer\u00eancia da Petrobras nas refinarias.<\/p>\n\n\n\n<p>A Ag\u00eancia Nacional de Petr\u00f3leo, G\u00e1s Natural e Biocombust\u00edveis (ANP) apontou semana passada que o munic\u00edpio de Crate\u00fas, no interior do Cear\u00e1, registrou o&nbsp;maior pre\u00e7o m\u00e1ximo da gasolina comum, com R$ 8,20 pelo litro do combust\u00edvel.&nbsp;<\/p>\n\n\n\n<p>Em alta desde o come\u00e7o de mar\u00e7o, o pre\u00e7o m\u00e9dio do litro do etanol hidratado, o \u00e1lcool veicular no Cear\u00e1, chegou ao patamar de R$ 5,95 na semana passada, conforme a ANP. O Cear\u00e1 apresenta o litro do etanol mais caro da Regi\u00e3o Nordeste.<\/p>\n\n\n\n<figure class=\"wp-block-image size-full\"><img loading=\"lazy\" decoding=\"async\" width=\"678\" height=\"452\" src=\"https:\/\/blogdorogeriogomes.com.br\/wp-content\/uploads\/2022\/05\/images-41.jpeg\" alt=\"\" class=\"wp-image-25281\" srcset=\"https:\/\/blogdorogeriogomes.com.br\/noticias\/wp-content\/uploads\/2022\/05\/images-41.jpeg 678w, https:\/\/blogdorogeriogomes.com.br\/noticias\/wp-content\/uploads\/2022\/05\/images-41-300x200.jpeg 300w\" sizes=\"auto, (max-width: 678px) 100vw, 678px\" \/><\/figure>\n","protected":false},"excerpt":{"rendered":"<p>A alta no pre\u00e7o do petr\u00f3leo amea\u00e7a novos reajustes nos pre\u00e7os dos combust\u00edveis neste m\u00eas de maio. Mas o problema n\u00e3o \u00e9 s\u00f3 esse. No Cear\u00e1, o aumento etanol anidro, que \u00e9 adicionado \u00e0 gasolina, tem provocado o reajuste do produto mesmo sem interfer\u00eancia da Petrobras nas refinarias. A Ag\u00eancia Nacional de Petr\u00f3leo, G\u00e1s Natural e Biocombust\u00edveis (ANP) apontou semana passada que o munic\u00edpio de Crate\u00fas, no interior do Cear\u00e1, registrou o&nbsp;maior pre\u00e7o m\u00e1ximo da gasolina comum, com R$&hellip;<\/p>\n","protected":false},"author":1,"featured_media":25281,"comment_status":"open","ping_status":"open","sticky":false,"template":"","format":"standard","meta":{"footnotes":""},"categories":[1],"tags":[],"class_list":["post-25280","post","type-post","status-publish","format-standard","has-post-thumbnail","hentry","category-noticias"],"_links":{"self":[{"href":"https:\/\/blogdorogeriogomes.com.br\/noticias\/wp-json\/wp\/v2\/posts\/25280","targetHints":{"allow":["GET"]}}],"collection":[{"href":"https:\/\/blogdorogeriogomes.com.br\/noticias\/wp-json\/wp\/v2\/posts"}],"about":[{"href":"https:\/\/blogdorogeriogomes.com.br\/noticias\/wp-json\/wp\/v2\/types\/post"}],"author":[{"embeddable":true,"href":"https:\/\/blogdorogeriogomes.com.br\/noticias\/wp-json\/wp\/v2\/users\/1"}],"replies":[{"embeddable":true,"href":"https:\/\/blogdorogeriogomes.com.br\/noticias\/wp-json\/wp\/v2\/comments?post=25280"}],"version-history":[{"count":2,"href":"https:\/\/blogdorogeriogomes.com.br\/noticias\/wp-json\/wp\/v2\/posts\/25280\/revisions"}],"predecessor-version":[{"id":25286,"href":"https:\/\/blogdorogeriogomes.com.br\/noticias\/wp-json\/wp\/v2\/posts\/25280\/revisions\/25286"}],"wp:featuredmedia":[{"embeddable":true,"href":"https:\/\/blogdorogeriogomes.com.br\/noticias\/wp-json\/wp\/v2\/media\/25281"}],"wp:attachment":[{"href":"https:\/\/blogdorogeriogomes.com.br\/noticias\/wp-json\/wp\/v2\/media?parent=25280"}],"wp:term":[{"taxonomy":"category","embeddable":true,"href":"https:\/\/blogdorogeriogomes.com.br\/noticias\/wp-json\/wp\/v2\/categories?post=25280"},{"taxonomy":"post_tag","embeddable":true,"href":"https:\/\/blogdorogeriogomes.com.br\/noticias\/wp-json\/wp\/v2\/tags?post=25280"}],"curies":[{"name":"wp","href":"https:\/\/api.w.org\/{rel}","templated":true}]}}