{"id":25291,"date":"2022-05-09T23:10:08","date_gmt":"2022-05-09T23:10:08","guid":{"rendered":"https:\/\/blogdorogeriogomes.com.br\/?p=25291"},"modified":"2022-05-10T09:42:17","modified_gmt":"2022-05-10T09:42:17","slug":"prefeito-jose-sarto-anuncia-plano-de-recuperacao-asfaltica-em-fortaleza-nesta-terca-feira","status":"publish","type":"post","link":"https:\/\/blogdorogeriogomes.com.br\/noticias\/2022\/05\/prefeito-jose-sarto-anuncia-plano-de-recuperacao-asfaltica-em-fortaleza-nesta-terca-feira\/","title":{"rendered":"Prefeito Jos\u00e9 Sarto anuncia plano de recupera\u00e7\u00e3o asf\u00e1ltica em Fortaleza nesta ter\u00e7a-feira"},"content":{"rendered":"\n<p>O prefeito de Fortaleza, Jos\u00e9 Sarto, apresenta nesta ter\u00e7a-feira, dia 10 de maio,  no Pa\u00e7o Municipal, um plano de recupera\u00e7\u00e3o asf\u00e1ltica na Capital. O pacote de investimento envolve a recupera\u00e7\u00e3o de vias p\u00fablicas. Devem ser investidos cerca de R$ 60 milh\u00f5es de reais. A Prefeitura de Fortaleza pretende aumentar em quatro vezes as equipes que atuam nos trabalhos de recupera\u00e7\u00e3o asf\u00e1ltica, sinaliza\u00e7\u00e3o, ilumina\u00e7\u00e3o e limpeza urbana.&nbsp;<\/p>\n\n\n\n<p>Atualmente, os buracos que tomam conta de muitas ruas e avenidas em Fortaleza t\u00eam causado v\u00e1rias reclama\u00e7\u00f5es de motoristas e usu\u00e1rios do transporte coletivo. A expectativa \u00e9 que os servi\u00e7os de recupera\u00e7\u00e3o das vias tenham in\u00edcio na segunda quinzena de maio.<\/p>\n\n\n\n<figure class=\"wp-block-image size-full\"><img loading=\"lazy\" decoding=\"async\" width=\"678\" height=\"452\" src=\"https:\/\/blogdorogeriogomes.com.br\/wp-content\/uploads\/2022\/05\/images-43.jpeg\" alt=\"\" class=\"wp-image-25292\" srcset=\"https:\/\/blogdorogeriogomes.com.br\/noticias\/wp-content\/uploads\/2022\/05\/images-43.jpeg 678w, https:\/\/blogdorogeriogomes.com.br\/noticias\/wp-content\/uploads\/2022\/05\/images-43-300x200.jpeg 300w\" sizes=\"auto, (max-width: 678px) 100vw, 678px\" \/><\/figure>\n","protected":false},"excerpt":{"rendered":"<p>O prefeito de Fortaleza, Jos\u00e9 Sarto, apresenta nesta ter\u00e7a-feira, dia 10 de maio, no Pa\u00e7o Municipal, um plano de recupera\u00e7\u00e3o asf\u00e1ltica na Capital. O pacote de investimento envolve a recupera\u00e7\u00e3o de vias p\u00fablicas. Devem ser investidos cerca de R$ 60 milh\u00f5es de reais. A Prefeitura de Fortaleza pretende aumentar em quatro vezes as equipes que atuam nos trabalhos de recupera\u00e7\u00e3o asf\u00e1ltica, sinaliza\u00e7\u00e3o, ilumina\u00e7\u00e3o e limpeza urbana.&nbsp; Atualmente, os buracos que tomam conta de muitas ruas e avenidas em Fortaleza&hellip;<\/p>\n","protected":false},"author":1,"featured_media":25292,"comment_status":"open","ping_status":"open","sticky":false,"template":"","format":"standard","meta":{"footnotes":""},"categories":[1],"tags":[],"class_list":["post-25291","post","type-post","status-publish","format-standard","has-post-thumbnail","hentry","category-noticias"],"_links":{"self":[{"href":"https:\/\/blogdorogeriogomes.com.br\/noticias\/wp-json\/wp\/v2\/posts\/25291","targetHints":{"allow":["GET"]}}],"collection":[{"href":"https:\/\/blogdorogeriogomes.com.br\/noticias\/wp-json\/wp\/v2\/posts"}],"about":[{"href":"https:\/\/blogdorogeriogomes.com.br\/noticias\/wp-json\/wp\/v2\/types\/post"}],"author":[{"embeddable":true,"href":"https:\/\/blogdorogeriogomes.com.br\/noticias\/wp-json\/wp\/v2\/users\/1"}],"replies":[{"embeddable":true,"href":"https:\/\/blogdorogeriogomes.com.br\/noticias\/wp-json\/wp\/v2\/comments?post=25291"}],"version-history":[{"count":2,"href":"https:\/\/blogdorogeriogomes.com.br\/noticias\/wp-json\/wp\/v2\/posts\/25291\/revisions"}],"predecessor-version":[{"id":25299,"href":"https:\/\/blogdorogeriogomes.com.br\/noticias\/wp-json\/wp\/v2\/posts\/25291\/revisions\/25299"}],"wp:featuredmedia":[{"embeddable":true,"href":"https:\/\/blogdorogeriogomes.com.br\/noticias\/wp-json\/wp\/v2\/media\/25292"}],"wp:attachment":[{"href":"https:\/\/blogdorogeriogomes.com.br\/noticias\/wp-json\/wp\/v2\/media?parent=25291"}],"wp:term":[{"taxonomy":"category","embeddable":true,"href":"https:\/\/blogdorogeriogomes.com.br\/noticias\/wp-json\/wp\/v2\/categories?post=25291"},{"taxonomy":"post_tag","embeddable":true,"href":"https:\/\/blogdorogeriogomes.com.br\/noticias\/wp-json\/wp\/v2\/tags?post=25291"}],"curies":[{"name":"wp","href":"https:\/\/api.w.org\/{rel}","templated":true}]}}