{"id":25300,"date":"2022-05-10T10:26:06","date_gmt":"2022-05-10T10:26:06","guid":{"rendered":"https:\/\/blogdorogeriogomes.com.br\/?p=25300"},"modified":"2022-05-11T13:23:44","modified_gmt":"2022-05-11T13:23:44","slug":"litigio-de-terras-entre-ceara-e-piaui-envolve-13-municipios-e-deve-ser-tema-de-audiencia-no-stf","status":"publish","type":"post","link":"https:\/\/blogdorogeriogomes.com.br\/noticias\/2022\/05\/litigio-de-terras-entre-ceara-e-piaui-envolve-13-municipios-e-deve-ser-tema-de-audiencia-no-stf\/","title":{"rendered":"Lit\u00edgio de terras entre Cear\u00e1 e Piau\u00ed envolve 13 munic\u00edpios e deve ser tema de audi\u00eancia no STF"},"content":{"rendered":"\n<p>O lit\u00edgio de terras entre Cear\u00e1 e Piau\u00ed foi o tema principal de uma reuni\u00e3o entre a governadora do Cear\u00e1 Izolda Cela (PDT) e diversos representantes cearenses. Como encaminhamento, a chefe do Executivo cearense informou que vai solicitar uma audi\u00eancia com o Supremo Tribunal Federal (STF) para tratar sobre o caso. O lit\u00edgio entre Cear\u00e1 e Piau\u00ed envolve a \u00e1rea de 13 munic\u00edpios cearenses.<\/p>\n\n\n\n<p>O lit\u00edgio de divisas entre Cear\u00e1 e Piau\u00ed compreende um territ\u00f3rio de aproximadamente 3.000 km\u00b2, onde vivem 25 mil pessoas, localizado na Serra da Ibiapaba, nos limites entre os estados brasileiros do Cear\u00e1 e do Piau\u00ed. As regi\u00f5es reivindicadas passaram a ser popularmente conhecidas como Cearapi\u00f3 e Piocer\u00e1, conforme a Assembleia Legislativa do Cear\u00e1.<\/p>\n\n\n\n<p>\u201cA Procuradoria Geral do Estado, juntamente com o nosso \u00f3rg\u00e3o Ipece, j\u00e1 v\u00eam realizando toda a defesa do estado. Al\u00e9m disso, solicitarei uma audi\u00eancia no Supremo Tribunal Federal (STF) para tratar sobre o caso e defender nosso Cear\u00e1\u201d, disse Izolda Cela.<\/p>\n\n\n\n<figure class=\"wp-block-image size-full\"><img loading=\"lazy\" decoding=\"async\" width=\"540\" height=\"304\" src=\"https:\/\/blogdorogeriogomes.com.br\/wp-content\/uploads\/2022\/05\/divisa-ceara-piaui1.jpg\" alt=\"\" class=\"wp-image-25301\" srcset=\"https:\/\/blogdorogeriogomes.com.br\/noticias\/wp-content\/uploads\/2022\/05\/divisa-ceara-piaui1.jpg 540w, https:\/\/blogdorogeriogomes.com.br\/noticias\/wp-content\/uploads\/2022\/05\/divisa-ceara-piaui1-300x169.jpg 300w\" sizes=\"auto, (max-width: 540px) 100vw, 540px\" \/><\/figure>\n","protected":false},"excerpt":{"rendered":"<p>O lit\u00edgio de terras entre Cear\u00e1 e Piau\u00ed foi o tema principal de uma reuni\u00e3o entre a governadora do Cear\u00e1 Izolda Cela (PDT) e diversos representantes cearenses. Como encaminhamento, a chefe do Executivo cearense informou que vai solicitar uma audi\u00eancia com o Supremo Tribunal Federal (STF) para tratar sobre o caso. O lit\u00edgio entre Cear\u00e1 e Piau\u00ed envolve a \u00e1rea de 13 munic\u00edpios cearenses. O lit\u00edgio de divisas entre Cear\u00e1 e Piau\u00ed compreende um territ\u00f3rio de aproximadamente 3.000 km\u00b2,&hellip;<\/p>\n","protected":false},"author":1,"featured_media":25301,"comment_status":"open","ping_status":"open","sticky":false,"template":"","format":"standard","meta":{"footnotes":""},"categories":[1],"tags":[],"class_list":["post-25300","post","type-post","status-publish","format-standard","has-post-thumbnail","hentry","category-noticias"],"_links":{"self":[{"href":"https:\/\/blogdorogeriogomes.com.br\/noticias\/wp-json\/wp\/v2\/posts\/25300","targetHints":{"allow":["GET"]}}],"collection":[{"href":"https:\/\/blogdorogeriogomes.com.br\/noticias\/wp-json\/wp\/v2\/posts"}],"about":[{"href":"https:\/\/blogdorogeriogomes.com.br\/noticias\/wp-json\/wp\/v2\/types\/post"}],"author":[{"embeddable":true,"href":"https:\/\/blogdorogeriogomes.com.br\/noticias\/wp-json\/wp\/v2\/users\/1"}],"replies":[{"embeddable":true,"href":"https:\/\/blogdorogeriogomes.com.br\/noticias\/wp-json\/wp\/v2\/comments?post=25300"}],"version-history":[{"count":1,"href":"https:\/\/blogdorogeriogomes.com.br\/noticias\/wp-json\/wp\/v2\/posts\/25300\/revisions"}],"predecessor-version":[{"id":25302,"href":"https:\/\/blogdorogeriogomes.com.br\/noticias\/wp-json\/wp\/v2\/posts\/25300\/revisions\/25302"}],"wp:featuredmedia":[{"embeddable":true,"href":"https:\/\/blogdorogeriogomes.com.br\/noticias\/wp-json\/wp\/v2\/media\/25301"}],"wp:attachment":[{"href":"https:\/\/blogdorogeriogomes.com.br\/noticias\/wp-json\/wp\/v2\/media?parent=25300"}],"wp:term":[{"taxonomy":"category","embeddable":true,"href":"https:\/\/blogdorogeriogomes.com.br\/noticias\/wp-json\/wp\/v2\/categories?post=25300"},{"taxonomy":"post_tag","embeddable":true,"href":"https:\/\/blogdorogeriogomes.com.br\/noticias\/wp-json\/wp\/v2\/tags?post=25300"}],"curies":[{"name":"wp","href":"https:\/\/api.w.org\/{rel}","templated":true}]}}