{"id":25310,"date":"2022-05-10T23:34:53","date_gmt":"2022-05-10T23:34:53","guid":{"rendered":"https:\/\/blogdorogeriogomes.com.br\/?p=25310"},"modified":"2022-05-11T13:22:53","modified_gmt":"2022-05-11T13:22:53","slug":"izolda-cela-tem-reuniao-no-stf-e-diz-confiar-em-um-desfecho-rapido-e-amigavel-no-litigio-de-terras-com-o-piaui","status":"publish","type":"post","link":"https:\/\/blogdorogeriogomes.com.br\/noticias\/2022\/05\/izolda-cela-tem-reuniao-no-stf-e-diz-confiar-em-um-desfecho-rapido-e-amigavel-no-litigio-de-terras-com-o-piaui\/","title":{"rendered":"Izolda Cela tem reuni\u00e3o no STF e diz confiar em um desfecho r\u00e1pido e amig\u00e1vel no lit\u00edgio de terras com o Piau\u00ed"},"content":{"rendered":"\n<p>Acompanhada da procuradora-geral do Estado, Camily Cruz, e da procuradora estadual Luciana Fa\u00e7anha, a governadora do Cear\u00e1, Izolda Cela, teve reuni\u00e3o nesta ter\u00e7a-feira, dia 10 de maio, em Bras\u00edlia, com a ministra do Supremo Tribunal Federal (STF), Carmen L\u00facia, para tratar sobre o lit\u00edgio envolvendo territ\u00f3rios entre o Cear\u00e1 e o Piau\u00ed.<\/p>\n\n\n\n<p>\u201cCaso ocorra o lit\u00edgio, o preju\u00edzo \u00e9 incalcul\u00e1vel, pois seria um preju\u00edzo de diversas ordens, muito especialmente aquilo que toca as pessoas, na sua hist\u00f3ria, no seu pertencimento, nas suas ra\u00edzes, por isso consideramos tanto essa ordem. Mas n\u00f3s temos a posi\u00e7\u00e3o de confiarmos no bom senso, naquilo que a realidade evidencia, na possibilidade que o di\u00e1logo oferece, al\u00e9m da boa comunica\u00e7\u00e3o e boas rela\u00e7\u00f5es que n\u00f3s temos, republicanas, e cordiais com o Estado do Piau\u00ed, com uma boa possibilidade de resolver isso da melhor maneira poss\u00edvel\u201d, disse Izolda Cela.<\/p>\n\n\n\n<p>O Piau\u00ed reivindica uma parte da \u00e1rea que envolve 13 munic\u00edpios cearenses na regi\u00e3o da Serra da Ibiapaba. Ap\u00f3s a reuni\u00e3o com a ministra do STF, Carmen L\u00facia, a governadora do Cear\u00e1 se mostrou otimista quanto \u00e0 resolu\u00e7\u00e3o de forma c\u00e9lere e amig\u00e1vel do poss\u00edvel lit\u00edgio com o Piau\u00ed.&nbsp;<\/p>\n\n\n\n<figure class=\"wp-block-image size-large\"><img loading=\"lazy\" decoding=\"async\" width=\"1024\" height=\"774\" src=\"https:\/\/blogdorogeriogomes.com.br\/wp-content\/uploads\/2022\/05\/WhatsApp-Image-2022-05-10-at-16.04.26-1200x907-1-1024x774.jpeg\" alt=\"\" class=\"wp-image-25311\" srcset=\"https:\/\/blogdorogeriogomes.com.br\/noticias\/wp-content\/uploads\/2022\/05\/WhatsApp-Image-2022-05-10-at-16.04.26-1200x907-1-1024x774.jpeg 1024w, https:\/\/blogdorogeriogomes.com.br\/noticias\/wp-content\/uploads\/2022\/05\/WhatsApp-Image-2022-05-10-at-16.04.26-1200x907-1-300x227.jpeg 300w, https:\/\/blogdorogeriogomes.com.br\/noticias\/wp-content\/uploads\/2022\/05\/WhatsApp-Image-2022-05-10-at-16.04.26-1200x907-1-768x580.jpeg 768w, https:\/\/blogdorogeriogomes.com.br\/noticias\/wp-content\/uploads\/2022\/05\/WhatsApp-Image-2022-05-10-at-16.04.26-1200x907-1-800x605.jpeg 800w, https:\/\/blogdorogeriogomes.com.br\/noticias\/wp-content\/uploads\/2022\/05\/WhatsApp-Image-2022-05-10-at-16.04.26-1200x907-1.jpeg 1200w\" sizes=\"auto, (max-width: 1024px) 100vw, 1024px\" \/><\/figure>\n","protected":false},"excerpt":{"rendered":"<p>Acompanhada da procuradora-geral do Estado, Camily Cruz, e da procuradora estadual Luciana Fa\u00e7anha, a governadora do Cear\u00e1, Izolda Cela, teve reuni\u00e3o nesta ter\u00e7a-feira, dia 10 de maio, em Bras\u00edlia, com a ministra do Supremo Tribunal Federal (STF), Carmen L\u00facia, para tratar sobre o lit\u00edgio envolvendo territ\u00f3rios entre o Cear\u00e1 e o Piau\u00ed. \u201cCaso ocorra o lit\u00edgio, o preju\u00edzo \u00e9 incalcul\u00e1vel, pois seria um preju\u00edzo de diversas ordens, muito especialmente aquilo que toca as pessoas, na sua hist\u00f3ria, no seu&hellip;<\/p>\n","protected":false},"author":1,"featured_media":25311,"comment_status":"open","ping_status":"open","sticky":false,"template":"","format":"standard","meta":{"footnotes":""},"categories":[1],"tags":[],"class_list":["post-25310","post","type-post","status-publish","format-standard","has-post-thumbnail","hentry","category-noticias"],"_links":{"self":[{"href":"https:\/\/blogdorogeriogomes.com.br\/noticias\/wp-json\/wp\/v2\/posts\/25310","targetHints":{"allow":["GET"]}}],"collection":[{"href":"https:\/\/blogdorogeriogomes.com.br\/noticias\/wp-json\/wp\/v2\/posts"}],"about":[{"href":"https:\/\/blogdorogeriogomes.com.br\/noticias\/wp-json\/wp\/v2\/types\/post"}],"author":[{"embeddable":true,"href":"https:\/\/blogdorogeriogomes.com.br\/noticias\/wp-json\/wp\/v2\/users\/1"}],"replies":[{"embeddable":true,"href":"https:\/\/blogdorogeriogomes.com.br\/noticias\/wp-json\/wp\/v2\/comments?post=25310"}],"version-history":[{"count":2,"href":"https:\/\/blogdorogeriogomes.com.br\/noticias\/wp-json\/wp\/v2\/posts\/25310\/revisions"}],"predecessor-version":[{"id":25321,"href":"https:\/\/blogdorogeriogomes.com.br\/noticias\/wp-json\/wp\/v2\/posts\/25310\/revisions\/25321"}],"wp:featuredmedia":[{"embeddable":true,"href":"https:\/\/blogdorogeriogomes.com.br\/noticias\/wp-json\/wp\/v2\/media\/25311"}],"wp:attachment":[{"href":"https:\/\/blogdorogeriogomes.com.br\/noticias\/wp-json\/wp\/v2\/media?parent=25310"}],"wp:term":[{"taxonomy":"category","embeddable":true,"href":"https:\/\/blogdorogeriogomes.com.br\/noticias\/wp-json\/wp\/v2\/categories?post=25310"},{"taxonomy":"post_tag","embeddable":true,"href":"https:\/\/blogdorogeriogomes.com.br\/noticias\/wp-json\/wp\/v2\/tags?post=25310"}],"curies":[{"name":"wp","href":"https:\/\/api.w.org\/{rel}","templated":true}]}}