{"id":25314,"date":"2022-05-11T11:24:57","date_gmt":"2022-05-11T11:24:57","guid":{"rendered":"https:\/\/blogdorogeriogomes.com.br\/?p=25314"},"modified":"2022-05-11T13:24:59","modified_gmt":"2022-05-11T13:24:59","slug":"fortaleza-atinge-estagio-de-muito-baixa-mortalidade-por-covid-19-mas-contaminacao-ainda-persiste","status":"publish","type":"post","link":"https:\/\/blogdorogeriogomes.com.br\/noticias\/2022\/05\/fortaleza-atinge-estagio-de-muito-baixa-mortalidade-por-covid-19-mas-contaminacao-ainda-persiste\/","title":{"rendered":"Fortaleza atinge est\u00e1gio de muito baixa mortalidade por Covid-19, mas contamina\u00e7\u00e3o ainda persiste"},"content":{"rendered":"\n<p>O prefeito de Fortaleza, Jos\u00e9 Sarto (PDT), anunciou que Fortaleza alcan\u00e7ou &#8220;est\u00e1gio de muito baixa mortalidade por Covid-19&#8221;. Segundo Sarto, a capital n\u00e3o foi notificada de nenhuma morte ocasionada pela doen\u00e7a entre os dias 3 e 9 de maio deste ano. O m\u00eas de abril apresentou a menor letalidade mensal desde o in\u00edcio da pandemia, com 14 mortes em decorr\u00eancia da Covid-19.<\/p>\n\n\n\n<p>Jos\u00e9 Sarto ressalta que as pessoas mantenham o cart\u00e3o de vacina\u00e7\u00e3o atualizado e que n\u00e3o haja descuido. Nos \u00faltimos dias, o presidenciavel pelo PDT, Ciro Gomes, e o ex-governador Camilo Santana (PT), anunciaram que foram diagnosticados com a Covid-19. Camilo ser\u00e1 candidato ao Senado e, a exemplo de Ciro, tem feito muitas viagens. Os dois revelaram ter apenas sintomas leves e destacaram a import\u00e2ncia de j\u00e1 terem recebido as tr\u00eas doses da vacina contra o coronav\u00edrus.<\/p>\n\n\n\n<figure class=\"wp-block-image size-full\"><img loading=\"lazy\" decoding=\"async\" width=\"550\" height=\"386\" src=\"https:\/\/blogdorogeriogomes.com.br\/wp-content\/uploads\/2022\/05\/images-46.jpeg\" alt=\"\" class=\"wp-image-25315\" srcset=\"https:\/\/blogdorogeriogomes.com.br\/noticias\/wp-content\/uploads\/2022\/05\/images-46.jpeg 550w, https:\/\/blogdorogeriogomes.com.br\/noticias\/wp-content\/uploads\/2022\/05\/images-46-300x211.jpeg 300w\" sizes=\"auto, (max-width: 550px) 100vw, 550px\" \/><\/figure>\n","protected":false},"excerpt":{"rendered":"<p>O prefeito de Fortaleza, Jos\u00e9 Sarto (PDT), anunciou que Fortaleza alcan\u00e7ou &#8220;est\u00e1gio de muito baixa mortalidade por Covid-19&#8221;. Segundo Sarto, a capital n\u00e3o foi notificada de nenhuma morte ocasionada pela doen\u00e7a entre os dias 3 e 9 de maio deste ano. O m\u00eas de abril apresentou a menor letalidade mensal desde o in\u00edcio da pandemia, com 14 mortes em decorr\u00eancia da Covid-19. Jos\u00e9 Sarto ressalta que as pessoas mantenham o cart\u00e3o de vacina\u00e7\u00e3o atualizado e que n\u00e3o haja descuido.&hellip;<\/p>\n","protected":false},"author":1,"featured_media":25315,"comment_status":"open","ping_status":"open","sticky":false,"template":"","format":"standard","meta":{"footnotes":""},"categories":[1],"tags":[],"class_list":["post-25314","post","type-post","status-publish","format-standard","has-post-thumbnail","hentry","category-noticias"],"_links":{"self":[{"href":"https:\/\/blogdorogeriogomes.com.br\/noticias\/wp-json\/wp\/v2\/posts\/25314","targetHints":{"allow":["GET"]}}],"collection":[{"href":"https:\/\/blogdorogeriogomes.com.br\/noticias\/wp-json\/wp\/v2\/posts"}],"about":[{"href":"https:\/\/blogdorogeriogomes.com.br\/noticias\/wp-json\/wp\/v2\/types\/post"}],"author":[{"embeddable":true,"href":"https:\/\/blogdorogeriogomes.com.br\/noticias\/wp-json\/wp\/v2\/users\/1"}],"replies":[{"embeddable":true,"href":"https:\/\/blogdorogeriogomes.com.br\/noticias\/wp-json\/wp\/v2\/comments?post=25314"}],"version-history":[{"count":1,"href":"https:\/\/blogdorogeriogomes.com.br\/noticias\/wp-json\/wp\/v2\/posts\/25314\/revisions"}],"predecessor-version":[{"id":25316,"href":"https:\/\/blogdorogeriogomes.com.br\/noticias\/wp-json\/wp\/v2\/posts\/25314\/revisions\/25316"}],"wp:featuredmedia":[{"embeddable":true,"href":"https:\/\/blogdorogeriogomes.com.br\/noticias\/wp-json\/wp\/v2\/media\/25315"}],"wp:attachment":[{"href":"https:\/\/blogdorogeriogomes.com.br\/noticias\/wp-json\/wp\/v2\/media?parent=25314"}],"wp:term":[{"taxonomy":"category","embeddable":true,"href":"https:\/\/blogdorogeriogomes.com.br\/noticias\/wp-json\/wp\/v2\/categories?post=25314"},{"taxonomy":"post_tag","embeddable":true,"href":"https:\/\/blogdorogeriogomes.com.br\/noticias\/wp-json\/wp\/v2\/tags?post=25314"}],"curies":[{"name":"wp","href":"https:\/\/api.w.org\/{rel}","templated":true}]}}