{"id":25325,"date":"2022-05-11T20:27:27","date_gmt":"2022-05-11T20:27:27","guid":{"rendered":"https:\/\/blogdorogeriogomes.com.br\/?p=25325"},"modified":"2022-05-12T10:26:30","modified_gmt":"2022-05-12T10:26:30","slug":"assembleia-legislativa-define-integrantes-de-comissao-para-analisar-contrato-de-concessao-da-enel","status":"publish","type":"post","link":"https:\/\/blogdorogeriogomes.com.br\/noticias\/2022\/05\/assembleia-legislativa-define-integrantes-de-comissao-para-analisar-contrato-de-concessao-da-enel\/","title":{"rendered":"Assembleia Legislativa define integrantes de comiss\u00e3o para analisar contrato de concess\u00e3o da Enel"},"content":{"rendered":"\n<p>O presidente da Assembleia Legislativa, Evandro Leit\u00e3o (PDT), anunciou a comiss\u00e3o que acompanhar\u00e1 a pauta relacionada ao reajuste de 24,88% que a Enel quer instituir no Cear\u00e1. O grupo \u00e9 formado pelos titulares Guilherme Landim (PDT), Jeov\u00e1 Mota (PDT), Fernando Santana (PT), Leonardo Ara\u00fajo (MDB), Fernanda Pessoa (Uni\u00e3o Brasil), \u00c9rika Amorim (PSD), Delegado Cavalcante (PL), Leonardo Pinheiro (Progressistas) e Ap\u00f3stolo Luiz Henrique (Republicanos).<\/p>\n\n\n\n<p>\u201cTodos os l\u00edderes dos blocos partid\u00e1rios da Assembleia Legislativa indicaram os membros para comporem essa comiss\u00e3o. Nesta quinta-feira, dia 12 de maio, iremos realizar aqui na Casa a escolha de presidente, vice-presidente e relator, em vota\u00e7\u00e3o secreta\u201d, detalhou Evandro Leit\u00e3o.<\/p>\n\n\n\n<p>O presidente lembrou ainda que h\u00e1 um trabalho conjunto entre Assembleia Legislativa e Minist\u00e9rio P\u00fablico Estadual para tentar barrar na justi\u00e7a o reajuste e para revistar as cl\u00e1usulas do contrato de concess\u00e3o da Enel. A comiss\u00e3o tem at\u00e9 60 dias para apresentar um relat\u00f3rio.<\/p>\n\n\n\n<p>Al\u00e9m dos titulares, a comiss\u00e3o \u00e9 formada pelos seguintes suplentes: Marcos Sobreira (PDT), Oriel Nunes Filho (PDT), Acr\u00edsio Sena (PT), Davi de Raimund\u00e3o (MDB), Soldado No\u00e9lio (Uni\u00e3o Brasil), Luc\u00edlvio Gir\u00e3o (PSD), Dra. Silvana (PL), Zezinho Albuquerque (Progressistas) e Manoel Duca (Republicanos).<\/p>\n\n\n\n<figure class=\"wp-block-image size-full\"><img loading=\"lazy\" decoding=\"async\" width=\"400\" height=\"267\" src=\"https:\/\/blogdorogeriogomes.com.br\/wp-content\/uploads\/2022\/05\/17d00b3084d58922946ae09221312bd8_L.jpg\" alt=\"\" class=\"wp-image-25326\" srcset=\"https:\/\/blogdorogeriogomes.com.br\/noticias\/wp-content\/uploads\/2022\/05\/17d00b3084d58922946ae09221312bd8_L.jpg 400w, https:\/\/blogdorogeriogomes.com.br\/noticias\/wp-content\/uploads\/2022\/05\/17d00b3084d58922946ae09221312bd8_L-300x200.jpg 300w\" sizes=\"auto, (max-width: 400px) 100vw, 400px\" \/><\/figure>\n\n\n\n<p><\/p>\n\n\n\n<p><\/p>\n","protected":false},"excerpt":{"rendered":"<p>O presidente da Assembleia Legislativa, Evandro Leit\u00e3o (PDT), anunciou a comiss\u00e3o que acompanhar\u00e1 a pauta relacionada ao reajuste de 24,88% que a Enel quer instituir no Cear\u00e1. O grupo \u00e9 formado pelos titulares Guilherme Landim (PDT), Jeov\u00e1 Mota (PDT), Fernando Santana (PT), Leonardo Ara\u00fajo (MDB), Fernanda Pessoa (Uni\u00e3o Brasil), \u00c9rika Amorim (PSD), Delegado Cavalcante (PL), Leonardo Pinheiro (Progressistas) e Ap\u00f3stolo Luiz Henrique (Republicanos). \u201cTodos os l\u00edderes dos blocos partid\u00e1rios da Assembleia Legislativa indicaram os membros para comporem essa comiss\u00e3o.&hellip;<\/p>\n","protected":false},"author":1,"featured_media":25326,"comment_status":"open","ping_status":"open","sticky":false,"template":"","format":"standard","meta":{"footnotes":""},"categories":[1],"tags":[],"class_list":["post-25325","post","type-post","status-publish","format-standard","has-post-thumbnail","hentry","category-noticias"],"_links":{"self":[{"href":"https:\/\/blogdorogeriogomes.com.br\/noticias\/wp-json\/wp\/v2\/posts\/25325","targetHints":{"allow":["GET"]}}],"collection":[{"href":"https:\/\/blogdorogeriogomes.com.br\/noticias\/wp-json\/wp\/v2\/posts"}],"about":[{"href":"https:\/\/blogdorogeriogomes.com.br\/noticias\/wp-json\/wp\/v2\/types\/post"}],"author":[{"embeddable":true,"href":"https:\/\/blogdorogeriogomes.com.br\/noticias\/wp-json\/wp\/v2\/users\/1"}],"replies":[{"embeddable":true,"href":"https:\/\/blogdorogeriogomes.com.br\/noticias\/wp-json\/wp\/v2\/comments?post=25325"}],"version-history":[{"count":1,"href":"https:\/\/blogdorogeriogomes.com.br\/noticias\/wp-json\/wp\/v2\/posts\/25325\/revisions"}],"predecessor-version":[{"id":25327,"href":"https:\/\/blogdorogeriogomes.com.br\/noticias\/wp-json\/wp\/v2\/posts\/25325\/revisions\/25327"}],"wp:featuredmedia":[{"embeddable":true,"href":"https:\/\/blogdorogeriogomes.com.br\/noticias\/wp-json\/wp\/v2\/media\/25326"}],"wp:attachment":[{"href":"https:\/\/blogdorogeriogomes.com.br\/noticias\/wp-json\/wp\/v2\/media?parent=25325"}],"wp:term":[{"taxonomy":"category","embeddable":true,"href":"https:\/\/blogdorogeriogomes.com.br\/noticias\/wp-json\/wp\/v2\/categories?post=25325"},{"taxonomy":"post_tag","embeddable":true,"href":"https:\/\/blogdorogeriogomes.com.br\/noticias\/wp-json\/wp\/v2\/tags?post=25325"}],"curies":[{"name":"wp","href":"https:\/\/api.w.org\/{rel}","templated":true}]}}