{"id":25328,"date":"2022-05-11T21:27:40","date_gmt":"2022-05-11T21:27:40","guid":{"rendered":"https:\/\/blogdorogeriogomes.com.br\/?p=25328"},"modified":"2022-05-12T10:26:20","modified_gmt":"2022-05-12T10:26:20","slug":"governo-do-ceara-confirma-pagamento-da-primeira-parcela-do-13-salario-dos-servidores-publicos-para-17-de-junho","status":"publish","type":"post","link":"https:\/\/blogdorogeriogomes.com.br\/noticias\/2022\/05\/governo-do-ceara-confirma-pagamento-da-primeira-parcela-do-13-salario-dos-servidores-publicos-para-17-de-junho\/","title":{"rendered":"Governo do Cear\u00e1 confirma pagamento da primeira parcela do 13\u00b0 sal\u00e1rio dos servidores p\u00fablicos para 17 de junho"},"content":{"rendered":"\n<p>Mais de 160 mil servidores p\u00fablicos estaduais ativos e inativos devem ser contemplados com a primeira parcela do 13\u00b0 sal\u00e1rio, que ser\u00e1 paga no pr\u00f3ximo dia 17 de junho. A informa\u00e7\u00e3o foi confirmada no fim da tarde desta quarta-feira, dia 11 de maio, pela governadora do Cear\u00e1, Izolda Cela.<\/p>\n\n\n\n<p>A folha salarial do Estado do Cear\u00e1 \u00e9 de cerca de R$ 1 bilh\u00e3o e 330 milh\u00f5es de reais. Com o pagamento da primeira parcela do 13\u00b0 sal\u00e1rio do funcionalismo, o incremento na economia cearense deve ser de cerca de R$ 500 milh\u00f5es de reais. &#8220;Ser\u00e1 um momento importante para que todos possam se organizar financeiramente nesse momento de tantas dificuldades econ\u00f4micas&#8221;, disse Izolda Cela.<\/p>\n\n\n\n<figure class=\"wp-block-image size-full\"><img loading=\"lazy\" decoding=\"async\" width=\"620\" height=\"430\" src=\"https:\/\/blogdorogeriogomes.com.br\/wp-content\/uploads\/2022\/05\/images-48.jpeg\" alt=\"\" class=\"wp-image-25329\" srcset=\"https:\/\/blogdorogeriogomes.com.br\/noticias\/wp-content\/uploads\/2022\/05\/images-48.jpeg 620w, https:\/\/blogdorogeriogomes.com.br\/noticias\/wp-content\/uploads\/2022\/05\/images-48-300x208.jpeg 300w\" sizes=\"auto, (max-width: 620px) 100vw, 620px\" \/><\/figure>\n\n\n\n<figure class=\"wp-block-image size-full\"><img loading=\"lazy\" decoding=\"async\" width=\"620\" height=\"430\" src=\"https:\/\/blogdorogeriogomes.com.br\/wp-content\/uploads\/2022\/05\/images-48.jpeg\" alt=\"\" class=\"wp-image-25329\" srcset=\"https:\/\/blogdorogeriogomes.com.br\/noticias\/wp-content\/uploads\/2022\/05\/images-48.jpeg 620w, https:\/\/blogdorogeriogomes.com.br\/noticias\/wp-content\/uploads\/2022\/05\/images-48-300x208.jpeg 300w\" sizes=\"auto, (max-width: 620px) 100vw, 620px\" \/><\/figure>\n","protected":false},"excerpt":{"rendered":"<p>Mais de 160 mil servidores p\u00fablicos estaduais ativos e inativos devem ser contemplados com a primeira parcela do 13\u00b0 sal\u00e1rio, que ser\u00e1 paga no pr\u00f3ximo dia 17 de junho. A informa\u00e7\u00e3o foi confirmada no fim da tarde desta quarta-feira, dia 11 de maio, pela governadora do Cear\u00e1, Izolda Cela. A folha salarial do Estado do Cear\u00e1 \u00e9 de cerca de R$ 1 bilh\u00e3o e 330 milh\u00f5es de reais. Com o pagamento da primeira parcela do 13\u00b0 sal\u00e1rio do funcionalismo,&hellip;<\/p>\n","protected":false},"author":1,"featured_media":25329,"comment_status":"open","ping_status":"open","sticky":false,"template":"","format":"standard","meta":{"footnotes":""},"categories":[1],"tags":[],"class_list":["post-25328","post","type-post","status-publish","format-standard","has-post-thumbnail","hentry","category-noticias"],"_links":{"self":[{"href":"https:\/\/blogdorogeriogomes.com.br\/noticias\/wp-json\/wp\/v2\/posts\/25328","targetHints":{"allow":["GET"]}}],"collection":[{"href":"https:\/\/blogdorogeriogomes.com.br\/noticias\/wp-json\/wp\/v2\/posts"}],"about":[{"href":"https:\/\/blogdorogeriogomes.com.br\/noticias\/wp-json\/wp\/v2\/types\/post"}],"author":[{"embeddable":true,"href":"https:\/\/blogdorogeriogomes.com.br\/noticias\/wp-json\/wp\/v2\/users\/1"}],"replies":[{"embeddable":true,"href":"https:\/\/blogdorogeriogomes.com.br\/noticias\/wp-json\/wp\/v2\/comments?post=25328"}],"version-history":[{"count":1,"href":"https:\/\/blogdorogeriogomes.com.br\/noticias\/wp-json\/wp\/v2\/posts\/25328\/revisions"}],"predecessor-version":[{"id":25330,"href":"https:\/\/blogdorogeriogomes.com.br\/noticias\/wp-json\/wp\/v2\/posts\/25328\/revisions\/25330"}],"wp:featuredmedia":[{"embeddable":true,"href":"https:\/\/blogdorogeriogomes.com.br\/noticias\/wp-json\/wp\/v2\/media\/25329"}],"wp:attachment":[{"href":"https:\/\/blogdorogeriogomes.com.br\/noticias\/wp-json\/wp\/v2\/media?parent=25328"}],"wp:term":[{"taxonomy":"category","embeddable":true,"href":"https:\/\/blogdorogeriogomes.com.br\/noticias\/wp-json\/wp\/v2\/categories?post=25328"},{"taxonomy":"post_tag","embeddable":true,"href":"https:\/\/blogdorogeriogomes.com.br\/noticias\/wp-json\/wp\/v2\/tags?post=25328"}],"curies":[{"name":"wp","href":"https:\/\/api.w.org\/{rel}","templated":true}]}}