{"id":25334,"date":"2022-05-12T12:46:44","date_gmt":"2022-05-12T12:46:44","guid":{"rendered":"https:\/\/blogdorogeriogomes.com.br\/?p=25334"},"modified":"2022-05-16T10:34:17","modified_gmt":"2022-05-16T10:34:17","slug":"sarto-anuncia-antecipacao-no-pagamento-da-primeira-parcela-do-13-salario-ao-funcionalismo-municipal","status":"publish","type":"post","link":"https:\/\/blogdorogeriogomes.com.br\/noticias\/2022\/05\/sarto-anuncia-antecipacao-no-pagamento-da-primeira-parcela-do-13-salario-ao-funcionalismo-municipal\/","title":{"rendered":"Sarto anuncia antecipa\u00e7\u00e3o no pagamento da primeira parcela do 13\u00b0 sal\u00e1rio ao funcionalismo municipal"},"content":{"rendered":"\n<p>O prefeito Jos\u00e9 Sarto confirmou nesta quinta-feira, dia 12 de maio, a antecipa\u00e7\u00e3o no pagamento da primeira parcela do 13\u00b0 sal\u00e1rio para o funcionalismo p\u00fablico de Fortaleza. A primeira parcela do 13\u00ba sal\u00e1rio dos servidores p\u00fablicos municipais de Fortaleza ser\u00e1 paga no dia 1\u00ba de junho, antecipando em 20 dias a data inicialmente prevista.<\/p>\n\n\n\n<p>Equivalente a 40% do 13\u00ba sal\u00e1rio, a parcela soma R$ 119,4 milh\u00f5es e beneficia 35.645 servidores, 14.251 aposentados e 3.438 pensionistas.<\/p>\n\n\n\n<p>Em 30 dias, a Prefeitura de Fortaleza efetua ainda o pagamento da folha de maio, paga tamb\u00e9m em 1\u00ba de junho, no valor estimado de R$ 299,6 milh\u00f5es, e a folha de junho, paga em 1\u00ba de julho, estimada em R$ 302,6 milh\u00f5es. Somando esses valores com a parcela do 13\u00ba, s\u00e3o R$ 721,7 milh\u00f5es injetados na economia da Capital.<\/p>\n\n\n\n<figure class=\"wp-block-image size-large\"><img loading=\"lazy\" decoding=\"async\" width=\"1024\" height=\"682\" src=\"https:\/\/blogdorogeriogomes.com.br\/wp-content\/uploads\/2022\/05\/Jose-Sarto-1024x682.jpeg\" alt=\"\" class=\"wp-image-25335\" srcset=\"https:\/\/blogdorogeriogomes.com.br\/noticias\/wp-content\/uploads\/2022\/05\/Jose-Sarto-1024x682.jpeg 1024w, https:\/\/blogdorogeriogomes.com.br\/noticias\/wp-content\/uploads\/2022\/05\/Jose-Sarto-300x200.jpeg 300w, https:\/\/blogdorogeriogomes.com.br\/noticias\/wp-content\/uploads\/2022\/05\/Jose-Sarto-768x512.jpeg 768w, https:\/\/blogdorogeriogomes.com.br\/noticias\/wp-content\/uploads\/2022\/05\/Jose-Sarto-800x533.jpeg 800w, https:\/\/blogdorogeriogomes.com.br\/noticias\/wp-content\/uploads\/2022\/05\/Jose-Sarto.jpeg 1280w\" sizes=\"auto, (max-width: 1024px) 100vw, 1024px\" \/><\/figure>\n","protected":false},"excerpt":{"rendered":"<p>O prefeito Jos\u00e9 Sarto confirmou nesta quinta-feira, dia 12 de maio, a antecipa\u00e7\u00e3o no pagamento da primeira parcela do 13\u00b0 sal\u00e1rio para o funcionalismo p\u00fablico de Fortaleza. A primeira parcela do 13\u00ba sal\u00e1rio dos servidores p\u00fablicos municipais de Fortaleza ser\u00e1 paga no dia 1\u00ba de junho, antecipando em 20 dias a data inicialmente prevista. Equivalente a 40% do 13\u00ba sal\u00e1rio, a parcela soma R$ 119,4 milh\u00f5es e beneficia 35.645 servidores, 14.251 aposentados e 3.438 pensionistas. Em 30 dias, a&hellip;<\/p>\n","protected":false},"author":1,"featured_media":25335,"comment_status":"open","ping_status":"open","sticky":false,"template":"","format":"standard","meta":{"footnotes":""},"categories":[1],"tags":[],"class_list":["post-25334","post","type-post","status-publish","format-standard","has-post-thumbnail","hentry","category-noticias"],"_links":{"self":[{"href":"https:\/\/blogdorogeriogomes.com.br\/noticias\/wp-json\/wp\/v2\/posts\/25334","targetHints":{"allow":["GET"]}}],"collection":[{"href":"https:\/\/blogdorogeriogomes.com.br\/noticias\/wp-json\/wp\/v2\/posts"}],"about":[{"href":"https:\/\/blogdorogeriogomes.com.br\/noticias\/wp-json\/wp\/v2\/types\/post"}],"author":[{"embeddable":true,"href":"https:\/\/blogdorogeriogomes.com.br\/noticias\/wp-json\/wp\/v2\/users\/1"}],"replies":[{"embeddable":true,"href":"https:\/\/blogdorogeriogomes.com.br\/noticias\/wp-json\/wp\/v2\/comments?post=25334"}],"version-history":[{"count":1,"href":"https:\/\/blogdorogeriogomes.com.br\/noticias\/wp-json\/wp\/v2\/posts\/25334\/revisions"}],"predecessor-version":[{"id":25336,"href":"https:\/\/blogdorogeriogomes.com.br\/noticias\/wp-json\/wp\/v2\/posts\/25334\/revisions\/25336"}],"wp:featuredmedia":[{"embeddable":true,"href":"https:\/\/blogdorogeriogomes.com.br\/noticias\/wp-json\/wp\/v2\/media\/25335"}],"wp:attachment":[{"href":"https:\/\/blogdorogeriogomes.com.br\/noticias\/wp-json\/wp\/v2\/media?parent=25334"}],"wp:term":[{"taxonomy":"category","embeddable":true,"href":"https:\/\/blogdorogeriogomes.com.br\/noticias\/wp-json\/wp\/v2\/categories?post=25334"},{"taxonomy":"post_tag","embeddable":true,"href":"https:\/\/blogdorogeriogomes.com.br\/noticias\/wp-json\/wp\/v2\/tags?post=25334"}],"curies":[{"name":"wp","href":"https:\/\/api.w.org\/{rel}","templated":true}]}}