{"id":25337,"date":"2022-05-12T19:22:19","date_gmt":"2022-05-12T19:22:19","guid":{"rendered":"https:\/\/blogdorogeriogomes.com.br\/?p=25337"},"modified":"2022-05-16T10:34:11","modified_gmt":"2022-05-16T10:34:11","slug":"assembleia-legislativa-e-camara-municipal-de-fortaleza-se-unem-para-enfrentar-o-reajuste-da-enel","status":"publish","type":"post","link":"https:\/\/blogdorogeriogomes.com.br\/noticias\/2022\/05\/assembleia-legislativa-e-camara-municipal-de-fortaleza-se-unem-para-enfrentar-o-reajuste-da-enel\/","title":{"rendered":"Assembleia Legislativa e C\u00e2mara Municipal de Fortaleza se unem para enfrentar o reajuste da Enel"},"content":{"rendered":"\n<p>A Assembleia Legislativa do Cear\u00e1 recebeu, nesta quinta-feira, dia 12 de maio, uma comiss\u00e3o especial de vereadores de Fortaleza que analisa o servi\u00e7o de distribui\u00e7\u00e3o de energia el\u00e9trica da Enel Cear\u00e1 e o reajuste tarif\u00e1rio aprovado pela Ag\u00eancia Nacional de Energia El\u00e9trica (Aneel).<\/p>\n\n\n\n<p>O presidente da Casa, deputado Evandro Leit\u00e3o (PDT), explicou que a C\u00e2mara Municipal de Fortaleza e a Assembleia Legislativa est\u00e3o unidas em uma pauta comum, que \u00e9 barrar o aumento na conta de energia, al\u00e9m de analisar a qualidade dos servi\u00e7os prestados \u00e0 popula\u00e7\u00e3o cearense. \u201cEstamos trocando ideias de como Assembleia e C\u00e2mara podem se ajudar e ajudar a popula\u00e7\u00e3o. Temos um compromisso de respeito com o povo\u201d, assinalou.<\/p>\n\n\n\n<p>O parlamentar ressaltou que ser\u00e3o realizadas audi\u00eancias p\u00fablicas e debates, em conjunto com a C\u00e2mara, al\u00e9m de unir t\u00e9cnicos de ambas as casas legislativas para analisar e fazer relat\u00f3rios sobre a situa\u00e7\u00e3o do aumento da tarifa de energia. \u201cJ\u00e1 provocamos o Poder Judici\u00e1rio e estamos esperando respostas. O intuito \u00e9 que, com debates e an\u00e1lises, possamos encaminhar relat\u00f3rios, sugest\u00f5es e recomenda\u00e7\u00f5es para o Governo do Estado e dar resposta efetiva para o povo do Cear\u00e1\u201d, apontou.<\/p>\n\n\n\n<p>O presidente da C\u00e2mara Municipal de Fortaleza (CMFor), vereador Ant\u00f4nio Henrique (PDT), agradeceu a parceria com a Casa e frisou que a uni\u00e3o de for\u00e7as \u00e9 o melhor meio para buscar solu\u00e7\u00f5es e respostas para a popula\u00e7\u00e3o. \u201cEntendemos que a Assembleia Legislativa j\u00e1 estava fazendo esse debate e buscamos nos unir e firmar compromisso de procurarmos uma solu\u00e7\u00e3o para o reajuste na tarifa de energia e demais servi\u00e7os de energia que n\u00e3o est\u00e3o a contento\u201d, disse.<\/p>\n\n\n\n<figure class=\"wp-block-image size-full\"><img loading=\"lazy\" decoding=\"async\" width=\"800\" height=\"533\" src=\"https:\/\/blogdorogeriogomes.com.br\/wp-content\/uploads\/2022\/05\/IMG-20220512-WA0104.jpg\" alt=\"\" class=\"wp-image-25338\" srcset=\"https:\/\/blogdorogeriogomes.com.br\/noticias\/wp-content\/uploads\/2022\/05\/IMG-20220512-WA0104.jpg 800w, https:\/\/blogdorogeriogomes.com.br\/noticias\/wp-content\/uploads\/2022\/05\/IMG-20220512-WA0104-300x200.jpg 300w, https:\/\/blogdorogeriogomes.com.br\/noticias\/wp-content\/uploads\/2022\/05\/IMG-20220512-WA0104-768x512.jpg 768w\" sizes=\"auto, (max-width: 800px) 100vw, 800px\" \/><\/figure>\n\n\n\n<p><\/p>\n\n\n\n<p><\/p>\n\n\n\n<p><\/p>\n\n\n\n<p><\/p>\n\n\n\n<p><\/p>\n\n\n\n<p><\/p>\n","protected":false},"excerpt":{"rendered":"<p>A Assembleia Legislativa do Cear\u00e1 recebeu, nesta quinta-feira, dia 12 de maio, uma comiss\u00e3o especial de vereadores de Fortaleza que analisa o servi\u00e7o de distribui\u00e7\u00e3o de energia el\u00e9trica da Enel Cear\u00e1 e o reajuste tarif\u00e1rio aprovado pela Ag\u00eancia Nacional de Energia El\u00e9trica (Aneel). O presidente da Casa, deputado Evandro Leit\u00e3o (PDT), explicou que a C\u00e2mara Municipal de Fortaleza e a Assembleia Legislativa est\u00e3o unidas em uma pauta comum, que \u00e9 barrar o aumento na conta de energia, al\u00e9m de&hellip;<\/p>\n","protected":false},"author":1,"featured_media":25338,"comment_status":"open","ping_status":"open","sticky":false,"template":"","format":"standard","meta":{"footnotes":""},"categories":[1],"tags":[],"class_list":["post-25337","post","type-post","status-publish","format-standard","has-post-thumbnail","hentry","category-noticias"],"_links":{"self":[{"href":"https:\/\/blogdorogeriogomes.com.br\/noticias\/wp-json\/wp\/v2\/posts\/25337","targetHints":{"allow":["GET"]}}],"collection":[{"href":"https:\/\/blogdorogeriogomes.com.br\/noticias\/wp-json\/wp\/v2\/posts"}],"about":[{"href":"https:\/\/blogdorogeriogomes.com.br\/noticias\/wp-json\/wp\/v2\/types\/post"}],"author":[{"embeddable":true,"href":"https:\/\/blogdorogeriogomes.com.br\/noticias\/wp-json\/wp\/v2\/users\/1"}],"replies":[{"embeddable":true,"href":"https:\/\/blogdorogeriogomes.com.br\/noticias\/wp-json\/wp\/v2\/comments?post=25337"}],"version-history":[{"count":1,"href":"https:\/\/blogdorogeriogomes.com.br\/noticias\/wp-json\/wp\/v2\/posts\/25337\/revisions"}],"predecessor-version":[{"id":25339,"href":"https:\/\/blogdorogeriogomes.com.br\/noticias\/wp-json\/wp\/v2\/posts\/25337\/revisions\/25339"}],"wp:featuredmedia":[{"embeddable":true,"href":"https:\/\/blogdorogeriogomes.com.br\/noticias\/wp-json\/wp\/v2\/media\/25338"}],"wp:attachment":[{"href":"https:\/\/blogdorogeriogomes.com.br\/noticias\/wp-json\/wp\/v2\/media?parent=25337"}],"wp:term":[{"taxonomy":"category","embeddable":true,"href":"https:\/\/blogdorogeriogomes.com.br\/noticias\/wp-json\/wp\/v2\/categories?post=25337"},{"taxonomy":"post_tag","embeddable":true,"href":"https:\/\/blogdorogeriogomes.com.br\/noticias\/wp-json\/wp\/v2\/tags?post=25337"}],"curies":[{"name":"wp","href":"https:\/\/api.w.org\/{rel}","templated":true}]}}