{"id":25340,"date":"2022-05-13T00:52:01","date_gmt":"2022-05-13T00:52:01","guid":{"rendered":"https:\/\/blogdorogeriogomes.com.br\/?p=25340"},"modified":"2022-05-16T10:33:57","modified_gmt":"2022-05-16T10:33:57","slug":"guedes-insiste-em-privatizacao-da-petrobras-mas-pacheco-diz-que-assunto-nao-esta-na-pauta-do-senado","status":"publish","type":"post","link":"https:\/\/blogdorogeriogomes.com.br\/noticias\/2022\/05\/guedes-insiste-em-privatizacao-da-petrobras-mas-pacheco-diz-que-assunto-nao-esta-na-pauta-do-senado\/","title":{"rendered":"Guedes insiste em privatiza\u00e7\u00e3o da Petrobras, mas Pacheco diz que assunto n\u00e3o est\u00e1 na pauta do Senado"},"content":{"rendered":"\n<p>O ministro da Economia, Paulo Guedes, bateu boca com um sindicalista nesta quinta-feira, dia 12 de maio, em Bras\u00edlia. O bate-boca aconteceu enquanto Guedes concedida uma entrevista coletiva a jornalistas ao lado do novo ministro de Minas e Energia,&nbsp;Adolfo Sachsida. No encontro, os dois discutiram os&nbsp;estudos de privatiza\u00e7\u00e3o da Pr\u00e9-Sal Petr\u00f3leo S.A&nbsp;(PPSA), conhecida como a estatal do pr\u00e9-sal, e tamb\u00e9m da Petrobras.<\/p>\n\n\n\n<p>O presidente do Senado Rodrigo Pacheco (PSD-MG) participou de uma reuni\u00e3o com secret\u00e1rios da Fazenda dos estados nesta quinta-feira e disse que a privatiza\u00e7\u00e3o da Petrobras n\u00e3o est\u00e1 no radar do Congresso neste momento.&nbsp;Ou seja, o Governo Federal ter\u00e1 dificuldades para levar a ideia de privatiza\u00e7\u00e3o pra frente entre parlamentares.<\/p>\n\n\n\n<figure class=\"wp-block-image size-full\"><img loading=\"lazy\" decoding=\"async\" width=\"678\" height=\"452\" src=\"https:\/\/blogdorogeriogomes.com.br\/wp-content\/uploads\/2022\/05\/images-50.jpeg\" alt=\"\" class=\"wp-image-25341\" srcset=\"https:\/\/blogdorogeriogomes.com.br\/noticias\/wp-content\/uploads\/2022\/05\/images-50.jpeg 678w, https:\/\/blogdorogeriogomes.com.br\/noticias\/wp-content\/uploads\/2022\/05\/images-50-300x200.jpeg 300w\" sizes=\"auto, (max-width: 678px) 100vw, 678px\" \/><\/figure>\n","protected":false},"excerpt":{"rendered":"<p>O ministro da Economia, Paulo Guedes, bateu boca com um sindicalista nesta quinta-feira, dia 12 de maio, em Bras\u00edlia. O bate-boca aconteceu enquanto Guedes concedida uma entrevista coletiva a jornalistas ao lado do novo ministro de Minas e Energia,&nbsp;Adolfo Sachsida. No encontro, os dois discutiram os&nbsp;estudos de privatiza\u00e7\u00e3o da Pr\u00e9-Sal Petr\u00f3leo S.A&nbsp;(PPSA), conhecida como a estatal do pr\u00e9-sal, e tamb\u00e9m da Petrobras. O presidente do Senado Rodrigo Pacheco (PSD-MG) participou de uma reuni\u00e3o com secret\u00e1rios da Fazenda dos estados&hellip;<\/p>\n","protected":false},"author":1,"featured_media":25341,"comment_status":"open","ping_status":"open","sticky":false,"template":"","format":"standard","meta":{"footnotes":""},"categories":[1],"tags":[],"class_list":["post-25340","post","type-post","status-publish","format-standard","has-post-thumbnail","hentry","category-noticias"],"_links":{"self":[{"href":"https:\/\/blogdorogeriogomes.com.br\/noticias\/wp-json\/wp\/v2\/posts\/25340","targetHints":{"allow":["GET"]}}],"collection":[{"href":"https:\/\/blogdorogeriogomes.com.br\/noticias\/wp-json\/wp\/v2\/posts"}],"about":[{"href":"https:\/\/blogdorogeriogomes.com.br\/noticias\/wp-json\/wp\/v2\/types\/post"}],"author":[{"embeddable":true,"href":"https:\/\/blogdorogeriogomes.com.br\/noticias\/wp-json\/wp\/v2\/users\/1"}],"replies":[{"embeddable":true,"href":"https:\/\/blogdorogeriogomes.com.br\/noticias\/wp-json\/wp\/v2\/comments?post=25340"}],"version-history":[{"count":2,"href":"https:\/\/blogdorogeriogomes.com.br\/noticias\/wp-json\/wp\/v2\/posts\/25340\/revisions"}],"predecessor-version":[{"id":25353,"href":"https:\/\/blogdorogeriogomes.com.br\/noticias\/wp-json\/wp\/v2\/posts\/25340\/revisions\/25353"}],"wp:featuredmedia":[{"embeddable":true,"href":"https:\/\/blogdorogeriogomes.com.br\/noticias\/wp-json\/wp\/v2\/media\/25341"}],"wp:attachment":[{"href":"https:\/\/blogdorogeriogomes.com.br\/noticias\/wp-json\/wp\/v2\/media?parent=25340"}],"wp:term":[{"taxonomy":"category","embeddable":true,"href":"https:\/\/blogdorogeriogomes.com.br\/noticias\/wp-json\/wp\/v2\/categories?post=25340"},{"taxonomy":"post_tag","embeddable":true,"href":"https:\/\/blogdorogeriogomes.com.br\/noticias\/wp-json\/wp\/v2\/tags?post=25340"}],"curies":[{"name":"wp","href":"https:\/\/api.w.org\/{rel}","templated":true}]}}