{"id":25343,"date":"2022-05-13T09:55:25","date_gmt":"2022-05-13T09:55:25","guid":{"rendered":"https:\/\/blogdorogeriogomes.com.br\/?p=25343"},"modified":"2022-05-16T10:33:48","modified_gmt":"2022-05-16T10:33:48","slug":"lei-estadual-contra-a-poluicao-sonora-no-ceara-ganha-nova-regulamentacao-na-assembleia-legislativa","status":"publish","type":"post","link":"https:\/\/blogdorogeriogomes.com.br\/noticias\/2022\/05\/lei-estadual-contra-a-poluicao-sonora-no-ceara-ganha-nova-regulamentacao-na-assembleia-legislativa\/","title":{"rendered":"Lei estadual contra a polui\u00e7\u00e3o sonora no Cear\u00e1 ganha nova regulamenta\u00e7\u00e3o na Assembleia Legislativa"},"content":{"rendered":"\n<p>A Assembleia Legislativa tamb\u00e9m aprovou nesta quinta-feira, dia 12 de maio, a Mensagem 8.921, enviada pelo Governo do Cear\u00e1, que alterou o Decreto (34.704\/2022) e a Lei (13.711\/2005) que regulamentam a polui\u00e7\u00e3o sonora no Cear\u00e1, gerada por estabelecimentos comerciais e por ve\u00edculos.<\/p>\n\n\n\n<p>Pela nova reda\u00e7\u00e3o, fica proibida, em todo o Cear\u00e1, a utiliza\u00e7\u00e3o de equipamentos de som automotivos (pared\u00f5es de som e equipamentos sonoros assemelhados), independentemente da medi\u00e7\u00e3o de n\u00edvel sonoro, em espa\u00e7os p\u00fablicos e em espa\u00e7os privados de livre acesso ao p\u00fablico, tais como postos de combust\u00edveis e estacionamentos, al\u00e9m de sistemas e fontes de som em estabelecimentos comerciais em n\u00edveis sonoros que excedam os limites definidos na legisla\u00e7\u00e3o.<\/p>\n\n\n\n<p>Por\u00e9m, est\u00e3o permitidos eventos que envolvam som automotivo, somente em espa\u00e7os apropriados, desde que observada a legisla\u00e7\u00e3o local e mediante pr\u00e9via autoriza\u00e7\u00e3o dos \u00f3rg\u00e3os municipais competentes, sendo responsabilizado aquele que, de qualquer forma, concorrer para a pr\u00e1tica de infra\u00e7\u00f5es previstas na Legisla\u00e7\u00e3o Ambiental.<\/p>\n\n\n\n<p>A nova Lei permite o livre exerc\u00edcio sindical, religioso e cultural no estado, bem como eventos populares e culturais integrantes do Calend\u00e1rio Cultural do Estado.<\/p>\n\n\n\n<figure class=\"wp-block-image size-full\"><img loading=\"lazy\" decoding=\"async\" width=\"678\" height=\"452\" src=\"https:\/\/blogdorogeriogomes.com.br\/wp-content\/uploads\/2022\/05\/images-51.jpeg\" alt=\"\" class=\"wp-image-25344\" srcset=\"https:\/\/blogdorogeriogomes.com.br\/noticias\/wp-content\/uploads\/2022\/05\/images-51.jpeg 678w, https:\/\/blogdorogeriogomes.com.br\/noticias\/wp-content\/uploads\/2022\/05\/images-51-300x200.jpeg 300w\" sizes=\"auto, (max-width: 678px) 100vw, 678px\" \/><\/figure>\n","protected":false},"excerpt":{"rendered":"<p>A Assembleia Legislativa tamb\u00e9m aprovou nesta quinta-feira, dia 12 de maio, a Mensagem 8.921, enviada pelo Governo do Cear\u00e1, que alterou o Decreto (34.704\/2022) e a Lei (13.711\/2005) que regulamentam a polui\u00e7\u00e3o sonora no Cear\u00e1, gerada por estabelecimentos comerciais e por ve\u00edculos. Pela nova reda\u00e7\u00e3o, fica proibida, em todo o Cear\u00e1, a utiliza\u00e7\u00e3o de equipamentos de som automotivos (pared\u00f5es de som e equipamentos sonoros assemelhados), independentemente da medi\u00e7\u00e3o de n\u00edvel sonoro, em espa\u00e7os p\u00fablicos e em espa\u00e7os privados de&hellip;<\/p>\n","protected":false},"author":1,"featured_media":25344,"comment_status":"open","ping_status":"open","sticky":false,"template":"","format":"standard","meta":{"footnotes":""},"categories":[1],"tags":[],"class_list":["post-25343","post","type-post","status-publish","format-standard","has-post-thumbnail","hentry","category-noticias"],"_links":{"self":[{"href":"https:\/\/blogdorogeriogomes.com.br\/noticias\/wp-json\/wp\/v2\/posts\/25343","targetHints":{"allow":["GET"]}}],"collection":[{"href":"https:\/\/blogdorogeriogomes.com.br\/noticias\/wp-json\/wp\/v2\/posts"}],"about":[{"href":"https:\/\/blogdorogeriogomes.com.br\/noticias\/wp-json\/wp\/v2\/types\/post"}],"author":[{"embeddable":true,"href":"https:\/\/blogdorogeriogomes.com.br\/noticias\/wp-json\/wp\/v2\/users\/1"}],"replies":[{"embeddable":true,"href":"https:\/\/blogdorogeriogomes.com.br\/noticias\/wp-json\/wp\/v2\/comments?post=25343"}],"version-history":[{"count":1,"href":"https:\/\/blogdorogeriogomes.com.br\/noticias\/wp-json\/wp\/v2\/posts\/25343\/revisions"}],"predecessor-version":[{"id":25345,"href":"https:\/\/blogdorogeriogomes.com.br\/noticias\/wp-json\/wp\/v2\/posts\/25343\/revisions\/25345"}],"wp:featuredmedia":[{"embeddable":true,"href":"https:\/\/blogdorogeriogomes.com.br\/noticias\/wp-json\/wp\/v2\/media\/25344"}],"wp:attachment":[{"href":"https:\/\/blogdorogeriogomes.com.br\/noticias\/wp-json\/wp\/v2\/media?parent=25343"}],"wp:term":[{"taxonomy":"category","embeddable":true,"href":"https:\/\/blogdorogeriogomes.com.br\/noticias\/wp-json\/wp\/v2\/categories?post=25343"},{"taxonomy":"post_tag","embeddable":true,"href":"https:\/\/blogdorogeriogomes.com.br\/noticias\/wp-json\/wp\/v2\/tags?post=25343"}],"curies":[{"name":"wp","href":"https:\/\/api.w.org\/{rel}","templated":true}]}}