{"id":25346,"date":"2022-05-13T10:27:58","date_gmt":"2022-05-13T10:27:58","guid":{"rendered":"https:\/\/blogdorogeriogomes.com.br\/?p=25346"},"modified":"2022-05-16T10:33:42","modified_gmt":"2022-05-16T10:33:42","slug":"ciro-gomes-faz-aceno-para-ter-simone-tebet-como-vice-na-sua-chapa","status":"publish","type":"post","link":"https:\/\/blogdorogeriogomes.com.br\/noticias\/2022\/05\/ciro-gomes-faz-aceno-para-ter-simone-tebet-como-vice-na-sua-chapa\/","title":{"rendered":"Ciro Gomes faz aceno para ter Simone Tebet como vice na sua chapa"},"content":{"rendered":"\n<p>O presidenciavel pelo PDT, Ciro Gomes, acenou com a possibilidade de ter a senadora Simone Tebet (MDB) como vice em sua chapa na disputa de 2022. Para o ex-ministro, Tebet \u00e9 uma pessoa &#8220;diferente&#8221; e est\u00e1 sendo &#8220;tra\u00edda pelo pr\u00f3prio partido&#8221;.<\/p>\n\n\n\n<p>O pedetista disse ainda: &#8220;Ela n\u00e3o \u00e9 uma vi\u00fava do bolsonarismo igual o (Jo\u00e3o) Doria. Ela \u00e9 uma pessoa que acho que vai ter um papel importante&#8221;. Sobre a quest\u00e3o da trai\u00e7\u00e3o dentro do pr\u00f3prio partido, Ciro Gomes afirmou que Simone Tebet \u00e9 alvo das articula\u00e7\u00f5es do senador Renan Calheiros e do ex-senador Eun\u00edcio Oliveira, do MDB, em torno da pr\u00e9-candidatura do ex-presidente Lula (PT).<\/p>\n\n\n\n<p>As declara\u00e7\u00f5es de Ciro foram bem recebidas pelos aliados pol\u00edticos de Simone Tebet no MDB. No entanto, ningu\u00e9m acredita que ela v\u00e1 abrir m\u00e3o da cabe\u00e7a de chapa para ser vice de outro candidato. Ali\u00e1s, esse \u00e9 o grande problema dos pr\u00e9-candidatos da chamada &#8220;terceira via&#8221;.<\/p>\n\n\n\n<figure class=\"wp-block-image size-full is-resized\"><img loading=\"lazy\" decoding=\"async\" src=\"https:\/\/blogdorogeriogomes.com.br\/wp-content\/uploads\/2022\/05\/images-52.jpeg\" alt=\"\" class=\"wp-image-25347\" width=\"339\" height=\"190\" srcset=\"https:\/\/blogdorogeriogomes.com.br\/noticias\/wp-content\/uploads\/2022\/05\/images-52.jpeg 608w, https:\/\/blogdorogeriogomes.com.br\/noticias\/wp-content\/uploads\/2022\/05\/images-52-300x169.jpeg 300w\" sizes=\"auto, (max-width: 339px) 100vw, 339px\" \/><\/figure>\n","protected":false},"excerpt":{"rendered":"<p>O presidenciavel pelo PDT, Ciro Gomes, acenou com a possibilidade de ter a senadora Simone Tebet (MDB) como vice em sua chapa na disputa de 2022. Para o ex-ministro, Tebet \u00e9 uma pessoa &#8220;diferente&#8221; e est\u00e1 sendo &#8220;tra\u00edda pelo pr\u00f3prio partido&#8221;. O pedetista disse ainda: &#8220;Ela n\u00e3o \u00e9 uma vi\u00fava do bolsonarismo igual o (Jo\u00e3o) Doria. Ela \u00e9 uma pessoa que acho que vai ter um papel importante&#8221;. Sobre a quest\u00e3o da trai\u00e7\u00e3o dentro do pr\u00f3prio partido, Ciro Gomes&hellip;<\/p>\n","protected":false},"author":1,"featured_media":25347,"comment_status":"open","ping_status":"open","sticky":false,"template":"","format":"standard","meta":{"footnotes":""},"categories":[1],"tags":[],"class_list":["post-25346","post","type-post","status-publish","format-standard","has-post-thumbnail","hentry","category-noticias"],"_links":{"self":[{"href":"https:\/\/blogdorogeriogomes.com.br\/noticias\/wp-json\/wp\/v2\/posts\/25346","targetHints":{"allow":["GET"]}}],"collection":[{"href":"https:\/\/blogdorogeriogomes.com.br\/noticias\/wp-json\/wp\/v2\/posts"}],"about":[{"href":"https:\/\/blogdorogeriogomes.com.br\/noticias\/wp-json\/wp\/v2\/types\/post"}],"author":[{"embeddable":true,"href":"https:\/\/blogdorogeriogomes.com.br\/noticias\/wp-json\/wp\/v2\/users\/1"}],"replies":[{"embeddable":true,"href":"https:\/\/blogdorogeriogomes.com.br\/noticias\/wp-json\/wp\/v2\/comments?post=25346"}],"version-history":[{"count":1,"href":"https:\/\/blogdorogeriogomes.com.br\/noticias\/wp-json\/wp\/v2\/posts\/25346\/revisions"}],"predecessor-version":[{"id":25348,"href":"https:\/\/blogdorogeriogomes.com.br\/noticias\/wp-json\/wp\/v2\/posts\/25346\/revisions\/25348"}],"wp:featuredmedia":[{"embeddable":true,"href":"https:\/\/blogdorogeriogomes.com.br\/noticias\/wp-json\/wp\/v2\/media\/25347"}],"wp:attachment":[{"href":"https:\/\/blogdorogeriogomes.com.br\/noticias\/wp-json\/wp\/v2\/media?parent=25346"}],"wp:term":[{"taxonomy":"category","embeddable":true,"href":"https:\/\/blogdorogeriogomes.com.br\/noticias\/wp-json\/wp\/v2\/categories?post=25346"},{"taxonomy":"post_tag","embeddable":true,"href":"https:\/\/blogdorogeriogomes.com.br\/noticias\/wp-json\/wp\/v2\/tags?post=25346"}],"curies":[{"name":"wp","href":"https:\/\/api.w.org\/{rel}","templated":true}]}}