{"id":25364,"date":"2022-05-16T22:24:04","date_gmt":"2022-05-16T22:24:04","guid":{"rendered":"https:\/\/blogdorogeriogomes.com.br\/?p=25364"},"modified":"2022-05-17T19:52:19","modified_gmt":"2022-05-17T19:52:19","slug":"prefeitura-de-fortaleza-inicia-aplicacao-de-quarta-dose-da-vacina-da-covid-19-em-pessoas-com-60-anos-ou-mais","status":"publish","type":"post","link":"https:\/\/blogdorogeriogomes.com.br\/noticias\/2022\/05\/prefeitura-de-fortaleza-inicia-aplicacao-de-quarta-dose-da-vacina-da-covid-19-em-pessoas-com-60-anos-ou-mais\/","title":{"rendered":"Prefeitura de Fortaleza inicia aplica\u00e7\u00e3o de quarta dose da vacina da Covid-19 em pessoas com 60 anos ou mais"},"content":{"rendered":"\n<p>A Prefeitura de Fortaleza inicia, nesta ter\u00e7a-feira, dia 17 de maio, a aplica\u00e7\u00e3o da quarta dose da vacina contra a Covid-19 em idosos a partir de 60 anos que receberam a terceira dose h\u00e1 pelo menos quatro meses. A aplica\u00e7\u00e3o da nova dose de refor\u00e7o ocorre sem a necessidade de agendamento pr\u00e9vio, na modalidade de livre demanda, nos locais que estiverem realizando vacina\u00e7\u00e3o contra Covid-19, conforme a programa\u00e7\u00e3o di\u00e1ria divulgada no portal da Prefeitura de Fortaleza (fortaleza.ce.gov.br).<\/p>\n\n\n\n<p>Vale ressaltar que Fortaleza segue ampliando o p\u00fablico-alvo da quarta dose utilizando doses em estoque da Rede de Frio Municipal destinados para a 3\u00aa dose, em decorr\u00eancia do p\u00fablico faltoso. At\u00e9 a \u00faltima quinta-feira, dia 12, mais de 466 mil pessoas aptas a receber a D3 n\u00e3o compareceram aos pontos de vacina\u00e7\u00e3o, que representa 35,4% do p\u00fablico total.<\/p>\n\n\n\n<figure class=\"wp-block-image size-large\"><img loading=\"lazy\" decoding=\"async\" width=\"1024\" height=\"602\" src=\"https:\/\/blogdorogeriogomes.com.br\/wp-content\/uploads\/2022\/05\/03-11-2021-Vacina-38-1024x602.jpg\" alt=\"\" class=\"wp-image-25365\" srcset=\"https:\/\/blogdorogeriogomes.com.br\/noticias\/wp-content\/uploads\/2022\/05\/03-11-2021-Vacina-38-1024x602.jpg 1024w, https:\/\/blogdorogeriogomes.com.br\/noticias\/wp-content\/uploads\/2022\/05\/03-11-2021-Vacina-38-300x176.jpg 300w, https:\/\/blogdorogeriogomes.com.br\/noticias\/wp-content\/uploads\/2022\/05\/03-11-2021-Vacina-38-768x451.jpg 768w, https:\/\/blogdorogeriogomes.com.br\/noticias\/wp-content\/uploads\/2022\/05\/03-11-2021-Vacina-38-1536x903.jpg 1536w, https:\/\/blogdorogeriogomes.com.br\/noticias\/wp-content\/uploads\/2022\/05\/03-11-2021-Vacina-38-2048x1204.jpg 2048w, https:\/\/blogdorogeriogomes.com.br\/noticias\/wp-content\/uploads\/2022\/05\/03-11-2021-Vacina-38-800x470.jpg 800w\" sizes=\"auto, (max-width: 1024px) 100vw, 1024px\" \/><\/figure>\n","protected":false},"excerpt":{"rendered":"<p>A Prefeitura de Fortaleza inicia, nesta ter\u00e7a-feira, dia 17 de maio, a aplica\u00e7\u00e3o da quarta dose da vacina contra a Covid-19 em idosos a partir de 60 anos que receberam a terceira dose h\u00e1 pelo menos quatro meses. A aplica\u00e7\u00e3o da nova dose de refor\u00e7o ocorre sem a necessidade de agendamento pr\u00e9vio, na modalidade de livre demanda, nos locais que estiverem realizando vacina\u00e7\u00e3o contra Covid-19, conforme a programa\u00e7\u00e3o di\u00e1ria divulgada no portal da Prefeitura de Fortaleza (fortaleza.ce.gov.br). Vale ressaltar&hellip;<\/p>\n","protected":false},"author":1,"featured_media":25365,"comment_status":"open","ping_status":"open","sticky":false,"template":"","format":"standard","meta":{"footnotes":""},"categories":[1],"tags":[],"class_list":["post-25364","post","type-post","status-publish","format-standard","has-post-thumbnail","hentry","category-noticias"],"_links":{"self":[{"href":"https:\/\/blogdorogeriogomes.com.br\/noticias\/wp-json\/wp\/v2\/posts\/25364","targetHints":{"allow":["GET"]}}],"collection":[{"href":"https:\/\/blogdorogeriogomes.com.br\/noticias\/wp-json\/wp\/v2\/posts"}],"about":[{"href":"https:\/\/blogdorogeriogomes.com.br\/noticias\/wp-json\/wp\/v2\/types\/post"}],"author":[{"embeddable":true,"href":"https:\/\/blogdorogeriogomes.com.br\/noticias\/wp-json\/wp\/v2\/users\/1"}],"replies":[{"embeddable":true,"href":"https:\/\/blogdorogeriogomes.com.br\/noticias\/wp-json\/wp\/v2\/comments?post=25364"}],"version-history":[{"count":1,"href":"https:\/\/blogdorogeriogomes.com.br\/noticias\/wp-json\/wp\/v2\/posts\/25364\/revisions"}],"predecessor-version":[{"id":25366,"href":"https:\/\/blogdorogeriogomes.com.br\/noticias\/wp-json\/wp\/v2\/posts\/25364\/revisions\/25366"}],"wp:featuredmedia":[{"embeddable":true,"href":"https:\/\/blogdorogeriogomes.com.br\/noticias\/wp-json\/wp\/v2\/media\/25365"}],"wp:attachment":[{"href":"https:\/\/blogdorogeriogomes.com.br\/noticias\/wp-json\/wp\/v2\/media?parent=25364"}],"wp:term":[{"taxonomy":"category","embeddable":true,"href":"https:\/\/blogdorogeriogomes.com.br\/noticias\/wp-json\/wp\/v2\/categories?post=25364"},{"taxonomy":"post_tag","embeddable":true,"href":"https:\/\/blogdorogeriogomes.com.br\/noticias\/wp-json\/wp\/v2\/tags?post=25364"}],"curies":[{"name":"wp","href":"https:\/\/api.w.org\/{rel}","templated":true}]}}