{"id":25367,"date":"2022-05-16T22:53:43","date_gmt":"2022-05-16T22:53:43","guid":{"rendered":"https:\/\/blogdorogeriogomes.com.br\/?p=25367"},"modified":"2022-05-17T19:52:09","modified_gmt":"2022-05-17T19:52:09","slug":"pv-sera-reinaugurado-no-proximo-sabado-com-jogo-do-ferroviario-pela-serie-c","status":"publish","type":"post","link":"https:\/\/blogdorogeriogomes.com.br\/noticias\/2022\/05\/pv-sera-reinaugurado-no-proximo-sabado-com-jogo-do-ferroviario-pela-serie-c\/","title":{"rendered":"PV ser\u00e1 reinaugurado no pr\u00f3ximo s\u00e1bado com jogo do Ferrovi\u00e1rio pela S\u00e9rie C"},"content":{"rendered":"\n<p>O est\u00e1dio Presidente Vargas (PV), em Fortaleza, ser\u00e1 reinaugurado no pr\u00f3ximo s\u00e1bado, dia 21 de maio. Al\u00e9m de uma solenidade com autoridades pela manh\u00e3, o est\u00e1dio vai receber o jogo entre Ferrovi\u00e1rio e Botafogo (SP) pela S\u00e9rie C do Campeonato Brasileiro. O PV foi recuperado ap\u00f3s sediar um hospital de campanha para pacientes com Covid-19 no primeiro ano da pandemia. O equipamento danificou o gramado do est\u00e1dio.<\/p>\n\n\n\n<p>De acordo com o secret\u00e1rio de Esporte e Lazer da Prefeitura de Fortaleza, Ozires Pontes, o novo PV ganha em modernidade, com boa ilumina\u00e7\u00e3o e &#8220;com um gramado totalmente reestruturado. Tamb\u00e9m com arquibancadas renovadas, tel\u00e3o de LED interativo, o som do est\u00e1dio, ainda retr\u00f4, mas com sistema de \u00e1udio qualificado&#8221;.<\/p>\n\n\n\n<figure class=\"wp-block-image size-full\"><img loading=\"lazy\" decoding=\"async\" width=\"739\" height=\"415\" src=\"https:\/\/blogdorogeriogomes.com.br\/wp-content\/uploads\/2022\/05\/images-57.jpeg\" alt=\"\" class=\"wp-image-25368\" srcset=\"https:\/\/blogdorogeriogomes.com.br\/noticias\/wp-content\/uploads\/2022\/05\/images-57.jpeg 739w, https:\/\/blogdorogeriogomes.com.br\/noticias\/wp-content\/uploads\/2022\/05\/images-57-300x168.jpeg 300w\" sizes=\"auto, (max-width: 739px) 100vw, 739px\" \/><\/figure>\n","protected":false},"excerpt":{"rendered":"<p>O est\u00e1dio Presidente Vargas (PV), em Fortaleza, ser\u00e1 reinaugurado no pr\u00f3ximo s\u00e1bado, dia 21 de maio. Al\u00e9m de uma solenidade com autoridades pela manh\u00e3, o est\u00e1dio vai receber o jogo entre Ferrovi\u00e1rio e Botafogo (SP) pela S\u00e9rie C do Campeonato Brasileiro. O PV foi recuperado ap\u00f3s sediar um hospital de campanha para pacientes com Covid-19 no primeiro ano da pandemia. O equipamento danificou o gramado do est\u00e1dio. De acordo com o secret\u00e1rio de Esporte e Lazer da Prefeitura de&hellip;<\/p>\n","protected":false},"author":1,"featured_media":25368,"comment_status":"open","ping_status":"open","sticky":false,"template":"","format":"standard","meta":{"footnotes":""},"categories":[1],"tags":[],"class_list":["post-25367","post","type-post","status-publish","format-standard","has-post-thumbnail","hentry","category-noticias"],"_links":{"self":[{"href":"https:\/\/blogdorogeriogomes.com.br\/noticias\/wp-json\/wp\/v2\/posts\/25367","targetHints":{"allow":["GET"]}}],"collection":[{"href":"https:\/\/blogdorogeriogomes.com.br\/noticias\/wp-json\/wp\/v2\/posts"}],"about":[{"href":"https:\/\/blogdorogeriogomes.com.br\/noticias\/wp-json\/wp\/v2\/types\/post"}],"author":[{"embeddable":true,"href":"https:\/\/blogdorogeriogomes.com.br\/noticias\/wp-json\/wp\/v2\/users\/1"}],"replies":[{"embeddable":true,"href":"https:\/\/blogdorogeriogomes.com.br\/noticias\/wp-json\/wp\/v2\/comments?post=25367"}],"version-history":[{"count":1,"href":"https:\/\/blogdorogeriogomes.com.br\/noticias\/wp-json\/wp\/v2\/posts\/25367\/revisions"}],"predecessor-version":[{"id":25369,"href":"https:\/\/blogdorogeriogomes.com.br\/noticias\/wp-json\/wp\/v2\/posts\/25367\/revisions\/25369"}],"wp:featuredmedia":[{"embeddable":true,"href":"https:\/\/blogdorogeriogomes.com.br\/noticias\/wp-json\/wp\/v2\/media\/25368"}],"wp:attachment":[{"href":"https:\/\/blogdorogeriogomes.com.br\/noticias\/wp-json\/wp\/v2\/media?parent=25367"}],"wp:term":[{"taxonomy":"category","embeddable":true,"href":"https:\/\/blogdorogeriogomes.com.br\/noticias\/wp-json\/wp\/v2\/categories?post=25367"},{"taxonomy":"post_tag","embeddable":true,"href":"https:\/\/blogdorogeriogomes.com.br\/noticias\/wp-json\/wp\/v2\/tags?post=25367"}],"curies":[{"name":"wp","href":"https:\/\/api.w.org\/{rel}","templated":true}]}}