{"id":25370,"date":"2022-05-17T10:46:57","date_gmt":"2022-05-17T10:46:57","guid":{"rendered":"https:\/\/blogdorogeriogomes.com.br\/?p=25370"},"modified":"2022-05-17T19:51:57","modified_gmt":"2022-05-17T19:51:57","slug":"voos-diretos-entre-fortaleza-e-miami-serao-retomados-em-outubro","status":"publish","type":"post","link":"https:\/\/blogdorogeriogomes.com.br\/noticias\/2022\/05\/voos-diretos-entre-fortaleza-e-miami-serao-retomados-em-outubro\/","title":{"rendered":"Voos diretos entre Fortaleza e Miami ser\u00e3o retomados em outubro"},"content":{"rendered":"\n<p>Uma boa not\u00edcia para o turismo cearense. A companhia a\u00e9rea Gol confirmou a retomada dos voos entre Fortaleza e Miami, a partir do dia 31 de outubro e j\u00e1 iniciou a venda de passagens pela internet. Os voos diretos entre Fortaleza e os Estados Unidos ter\u00e3o tr\u00eas frequ\u00eancias semanais. \u201cAp\u00f3s dois anos de pandemia, nosso HUB a\u00e9reo j\u00e1 ganha novo impulso\u201d, destacou a governadora Izolda Cela, lembrando que j\u00e1 haviam sido retomados voos para as cidades de Lisboa e Paris.<\/p>\n\n\n\n<p>At\u00e9 o fim do ano, est\u00e3o previstos ainda voos de Fortaleza para Buenos Aires, na Argentina, via Gol, e para as cidades de Madri, na Espanha, e Amstersd\u00e3, na Holanda, operados, respectivamente, pelas companhias Air Europa e KLM. J\u00e1 no in\u00edcio de 2023, Fortaleza deve se conectar a outra cidade norte-americana,Orlando, tamb\u00e9m via Gol.<br><\/p>\n\n\n\n<figure class=\"wp-block-image size-full\"><img loading=\"lazy\" decoding=\"async\" width=\"739\" height=\"415\" src=\"https:\/\/blogdorogeriogomes.com.br\/wp-content\/uploads\/2022\/05\/images-58.jpeg\" alt=\"\" class=\"wp-image-25371\" srcset=\"https:\/\/blogdorogeriogomes.com.br\/noticias\/wp-content\/uploads\/2022\/05\/images-58.jpeg 739w, https:\/\/blogdorogeriogomes.com.br\/noticias\/wp-content\/uploads\/2022\/05\/images-58-300x168.jpeg 300w\" sizes=\"auto, (max-width: 739px) 100vw, 739px\" \/><\/figure>\n\n\n\n<p> <br><\/p>\n","protected":false},"excerpt":{"rendered":"<p>Uma boa not\u00edcia para o turismo cearense. A companhia a\u00e9rea Gol confirmou a retomada dos voos entre Fortaleza e Miami, a partir do dia 31 de outubro e j\u00e1 iniciou a venda de passagens pela internet. Os voos diretos entre Fortaleza e os Estados Unidos ter\u00e3o tr\u00eas frequ\u00eancias semanais. \u201cAp\u00f3s dois anos de pandemia, nosso HUB a\u00e9reo j\u00e1 ganha novo impulso\u201d, destacou a governadora Izolda Cela, lembrando que j\u00e1 haviam sido retomados voos para as cidades de Lisboa e&hellip;<\/p>\n","protected":false},"author":1,"featured_media":25371,"comment_status":"open","ping_status":"open","sticky":false,"template":"","format":"standard","meta":{"footnotes":""},"categories":[1],"tags":[],"class_list":["post-25370","post","type-post","status-publish","format-standard","has-post-thumbnail","hentry","category-noticias"],"_links":{"self":[{"href":"https:\/\/blogdorogeriogomes.com.br\/noticias\/wp-json\/wp\/v2\/posts\/25370","targetHints":{"allow":["GET"]}}],"collection":[{"href":"https:\/\/blogdorogeriogomes.com.br\/noticias\/wp-json\/wp\/v2\/posts"}],"about":[{"href":"https:\/\/blogdorogeriogomes.com.br\/noticias\/wp-json\/wp\/v2\/types\/post"}],"author":[{"embeddable":true,"href":"https:\/\/blogdorogeriogomes.com.br\/noticias\/wp-json\/wp\/v2\/users\/1"}],"replies":[{"embeddable":true,"href":"https:\/\/blogdorogeriogomes.com.br\/noticias\/wp-json\/wp\/v2\/comments?post=25370"}],"version-history":[{"count":1,"href":"https:\/\/blogdorogeriogomes.com.br\/noticias\/wp-json\/wp\/v2\/posts\/25370\/revisions"}],"predecessor-version":[{"id":25372,"href":"https:\/\/blogdorogeriogomes.com.br\/noticias\/wp-json\/wp\/v2\/posts\/25370\/revisions\/25372"}],"wp:featuredmedia":[{"embeddable":true,"href":"https:\/\/blogdorogeriogomes.com.br\/noticias\/wp-json\/wp\/v2\/media\/25371"}],"wp:attachment":[{"href":"https:\/\/blogdorogeriogomes.com.br\/noticias\/wp-json\/wp\/v2\/media?parent=25370"}],"wp:term":[{"taxonomy":"category","embeddable":true,"href":"https:\/\/blogdorogeriogomes.com.br\/noticias\/wp-json\/wp\/v2\/categories?post=25370"},{"taxonomy":"post_tag","embeddable":true,"href":"https:\/\/blogdorogeriogomes.com.br\/noticias\/wp-json\/wp\/v2\/tags?post=25370"}],"curies":[{"name":"wp","href":"https:\/\/api.w.org\/{rel}","templated":true}]}}