{"id":25373,"date":"2022-05-17T11:22:32","date_gmt":"2022-05-17T11:22:32","guid":{"rendered":"https:\/\/blogdorogeriogomes.com.br\/?p=25373"},"modified":"2022-05-17T19:51:32","modified_gmt":"2022-05-17T19:51:32","slug":"psdb-e-mdb-tentam-entrar-em-acordo-com-candidato-unico-chapa-tebet-tasso-e-cogitada","status":"publish","type":"post","link":"https:\/\/blogdorogeriogomes.com.br\/noticias\/2022\/05\/psdb-e-mdb-tentam-entrar-em-acordo-com-candidato-unico-chapa-tebet-tasso-e-cogitada\/","title":{"rendered":"PSDB e MDB tentam entrar em acordo com candidato \u00fanico. Chapa Tebet\/Tasso \u00e9 cogitada"},"content":{"rendered":"\n<p>O acordo para lan\u00e7amento de uma candidatura \u00fanica \u00e0 Presid\u00eancia da Rep\u00fablica mobiliza setores do PSDB e MDB. O an\u00fancio \u00e9 aguardado para esta quarta-feira, dia 18 de maio. Mas n\u00e3o est\u00e1 f\u00e1cil. No ninho tucano, o ex-governador de S\u00e3o Paulo, Jo\u00e3o Doria, j\u00e1 avisou que n\u00e3o abre m\u00e3o de ser o candidato pelo fato de ter vencido as pr\u00e9vias do partido. Ele amea\u00e7a at\u00e9 judicializar a indica\u00e7\u00e3o da chapa.<\/p>\n\n\n\n<p>Setores do MDB e do PSDB j\u00e1 come\u00e7aram a defender de forma intensa uma chapa de terceira via para a disputa da Presid\u00eancia da Rep\u00fablica formada pela senadora Simone Tebet (MDB) e pelo senador cearense Tasso Jereissati (PSDB). Tasso j\u00e1 tinha definido que n\u00e3o vai ser candidato \u00e0 reelei\u00e7\u00e3o no Senado.<\/p>\n\n\n\n<figure class=\"wp-block-image size-full\"><img loading=\"lazy\" decoding=\"async\" width=\"640\" height=\"426\" src=\"https:\/\/blogdorogeriogomes.com.br\/wp-content\/uploads\/2022\/05\/images-59.jpeg\" alt=\"\" class=\"wp-image-25374\" srcset=\"https:\/\/blogdorogeriogomes.com.br\/noticias\/wp-content\/uploads\/2022\/05\/images-59.jpeg 640w, https:\/\/blogdorogeriogomes.com.br\/noticias\/wp-content\/uploads\/2022\/05\/images-59-300x200.jpeg 300w\" sizes=\"auto, (max-width: 640px) 100vw, 640px\" \/><\/figure>\n","protected":false},"excerpt":{"rendered":"<p>O acordo para lan\u00e7amento de uma candidatura \u00fanica \u00e0 Presid\u00eancia da Rep\u00fablica mobiliza setores do PSDB e MDB. O an\u00fancio \u00e9 aguardado para esta quarta-feira, dia 18 de maio. Mas n\u00e3o est\u00e1 f\u00e1cil. No ninho tucano, o ex-governador de S\u00e3o Paulo, Jo\u00e3o Doria, j\u00e1 avisou que n\u00e3o abre m\u00e3o de ser o candidato pelo fato de ter vencido as pr\u00e9vias do partido. Ele amea\u00e7a at\u00e9 judicializar a indica\u00e7\u00e3o da chapa. Setores do MDB e do PSDB j\u00e1 come\u00e7aram a&hellip;<\/p>\n","protected":false},"author":1,"featured_media":25374,"comment_status":"open","ping_status":"open","sticky":false,"template":"","format":"standard","meta":{"footnotes":""},"categories":[1],"tags":[],"class_list":["post-25373","post","type-post","status-publish","format-standard","has-post-thumbnail","hentry","category-noticias"],"_links":{"self":[{"href":"https:\/\/blogdorogeriogomes.com.br\/noticias\/wp-json\/wp\/v2\/posts\/25373","targetHints":{"allow":["GET"]}}],"collection":[{"href":"https:\/\/blogdorogeriogomes.com.br\/noticias\/wp-json\/wp\/v2\/posts"}],"about":[{"href":"https:\/\/blogdorogeriogomes.com.br\/noticias\/wp-json\/wp\/v2\/types\/post"}],"author":[{"embeddable":true,"href":"https:\/\/blogdorogeriogomes.com.br\/noticias\/wp-json\/wp\/v2\/users\/1"}],"replies":[{"embeddable":true,"href":"https:\/\/blogdorogeriogomes.com.br\/noticias\/wp-json\/wp\/v2\/comments?post=25373"}],"version-history":[{"count":1,"href":"https:\/\/blogdorogeriogomes.com.br\/noticias\/wp-json\/wp\/v2\/posts\/25373\/revisions"}],"predecessor-version":[{"id":25375,"href":"https:\/\/blogdorogeriogomes.com.br\/noticias\/wp-json\/wp\/v2\/posts\/25373\/revisions\/25375"}],"wp:featuredmedia":[{"embeddable":true,"href":"https:\/\/blogdorogeriogomes.com.br\/noticias\/wp-json\/wp\/v2\/media\/25374"}],"wp:attachment":[{"href":"https:\/\/blogdorogeriogomes.com.br\/noticias\/wp-json\/wp\/v2\/media?parent=25373"}],"wp:term":[{"taxonomy":"category","embeddable":true,"href":"https:\/\/blogdorogeriogomes.com.br\/noticias\/wp-json\/wp\/v2\/categories?post=25373"},{"taxonomy":"post_tag","embeddable":true,"href":"https:\/\/blogdorogeriogomes.com.br\/noticias\/wp-json\/wp\/v2\/tags?post=25373"}],"curies":[{"name":"wp","href":"https:\/\/api.w.org\/{rel}","templated":true}]}}