{"id":25376,"date":"2022-05-17T11:41:05","date_gmt":"2022-05-17T11:41:05","guid":{"rendered":"https:\/\/blogdorogeriogomes.com.br\/?p=25376"},"modified":"2022-05-17T19:51:21","modified_gmt":"2022-05-17T19:51:21","slug":"evandro-leitao-e-homenageado-com-medalha-boticario-ferreira-na-camara-municipal-de-fortaleza","status":"publish","type":"post","link":"https:\/\/blogdorogeriogomes.com.br\/noticias\/2022\/05\/evandro-leitao-e-homenageado-com-medalha-boticario-ferreira-na-camara-municipal-de-fortaleza\/","title":{"rendered":"Evandro Leit\u00e3o \u00e9 homenageado com Medalha Botic\u00e1rio Ferreira na C\u00e2mara Municipal de Fortaleza"},"content":{"rendered":"\n<p>A C\u00e2mara Municipal de Fortaleza realizou, nesta segunda-feira, dia 16 de maio, uma sess\u00e3o solene para a outorga da Medalha Botic\u00e1rio Ferreira ao presidente da Assembleia Legislativa do Estado do Cear\u00e1, deputado estadual Evandro Leit\u00e3o. A homenagem foi proposta pela vereadora K\u00e1tia Rodrigues (Cidadania), atrav\u00e9s do requerimento 0209\/2020, aprovado por unanimidade pelo plen\u00e1rio da Casa Legislativa. A solenidade foi conduzida pelo presidente da C\u00e2mara Municipal de Fortaleza, Ant\u00f4nio Henrique (PDT). A governadora do Cear\u00e1, Izolda Cela (PDT), tamb\u00e9m participou da solenidade.<\/p>\n\n\n\n<figure class=\"wp-block-image size-large\"><img loading=\"lazy\" decoding=\"async\" width=\"1024\" height=\"682\" src=\"https:\/\/blogdorogeriogomes.com.br\/wp-content\/uploads\/2022\/05\/WhatsApp-Image-2022-05-16-at-21.44.57-2-1024x682.jpeg\" alt=\"\" class=\"wp-image-25377\" srcset=\"https:\/\/blogdorogeriogomes.com.br\/noticias\/wp-content\/uploads\/2022\/05\/WhatsApp-Image-2022-05-16-at-21.44.57-2-1024x682.jpeg 1024w, https:\/\/blogdorogeriogomes.com.br\/noticias\/wp-content\/uploads\/2022\/05\/WhatsApp-Image-2022-05-16-at-21.44.57-2-300x200.jpeg 300w, https:\/\/blogdorogeriogomes.com.br\/noticias\/wp-content\/uploads\/2022\/05\/WhatsApp-Image-2022-05-16-at-21.44.57-2-768x512.jpeg 768w, https:\/\/blogdorogeriogomes.com.br\/noticias\/wp-content\/uploads\/2022\/05\/WhatsApp-Image-2022-05-16-at-21.44.57-2-800x533.jpeg 800w, https:\/\/blogdorogeriogomes.com.br\/noticias\/wp-content\/uploads\/2022\/05\/WhatsApp-Image-2022-05-16-at-21.44.57-2.jpeg 1280w\" sizes=\"auto, (max-width: 1024px) 100vw, 1024px\" \/><\/figure>\n","protected":false},"excerpt":{"rendered":"<p>A C\u00e2mara Municipal de Fortaleza realizou, nesta segunda-feira, dia 16 de maio, uma sess\u00e3o solene para a outorga da Medalha Botic\u00e1rio Ferreira ao presidente da Assembleia Legislativa do Estado do Cear\u00e1, deputado estadual Evandro Leit\u00e3o. A homenagem foi proposta pela vereadora K\u00e1tia Rodrigues (Cidadania), atrav\u00e9s do requerimento 0209\/2020, aprovado por unanimidade pelo plen\u00e1rio da Casa Legislativa. A solenidade foi conduzida pelo presidente da C\u00e2mara Municipal de Fortaleza, Ant\u00f4nio Henrique (PDT). A governadora do Cear\u00e1, Izolda Cela (PDT), tamb\u00e9m participou&hellip;<\/p>\n","protected":false},"author":1,"featured_media":25377,"comment_status":"open","ping_status":"open","sticky":false,"template":"","format":"standard","meta":{"footnotes":""},"categories":[1],"tags":[],"class_list":["post-25376","post","type-post","status-publish","format-standard","has-post-thumbnail","hentry","category-noticias"],"_links":{"self":[{"href":"https:\/\/blogdorogeriogomes.com.br\/noticias\/wp-json\/wp\/v2\/posts\/25376","targetHints":{"allow":["GET"]}}],"collection":[{"href":"https:\/\/blogdorogeriogomes.com.br\/noticias\/wp-json\/wp\/v2\/posts"}],"about":[{"href":"https:\/\/blogdorogeriogomes.com.br\/noticias\/wp-json\/wp\/v2\/types\/post"}],"author":[{"embeddable":true,"href":"https:\/\/blogdorogeriogomes.com.br\/noticias\/wp-json\/wp\/v2\/users\/1"}],"replies":[{"embeddable":true,"href":"https:\/\/blogdorogeriogomes.com.br\/noticias\/wp-json\/wp\/v2\/comments?post=25376"}],"version-history":[{"count":1,"href":"https:\/\/blogdorogeriogomes.com.br\/noticias\/wp-json\/wp\/v2\/posts\/25376\/revisions"}],"predecessor-version":[{"id":25378,"href":"https:\/\/blogdorogeriogomes.com.br\/noticias\/wp-json\/wp\/v2\/posts\/25376\/revisions\/25378"}],"wp:featuredmedia":[{"embeddable":true,"href":"https:\/\/blogdorogeriogomes.com.br\/noticias\/wp-json\/wp\/v2\/media\/25377"}],"wp:attachment":[{"href":"https:\/\/blogdorogeriogomes.com.br\/noticias\/wp-json\/wp\/v2\/media?parent=25376"}],"wp:term":[{"taxonomy":"category","embeddable":true,"href":"https:\/\/blogdorogeriogomes.com.br\/noticias\/wp-json\/wp\/v2\/categories?post=25376"},{"taxonomy":"post_tag","embeddable":true,"href":"https:\/\/blogdorogeriogomes.com.br\/noticias\/wp-json\/wp\/v2\/tags?post=25376"}],"curies":[{"name":"wp","href":"https:\/\/api.w.org\/{rel}","templated":true}]}}