{"id":25379,"date":"2022-05-17T20:26:29","date_gmt":"2022-05-17T20:26:29","guid":{"rendered":"https:\/\/blogdorogeriogomes.com.br\/?p=25379"},"modified":"2022-05-18T11:08:51","modified_gmt":"2022-05-18T11:08:51","slug":"fernando-santana-e-eleito-presidente-da-comissao-especial-da-enel-na-assembleia-legislativa","status":"publish","type":"post","link":"https:\/\/blogdorogeriogomes.com.br\/noticias\/2022\/05\/fernando-santana-e-eleito-presidente-da-comissao-especial-da-enel-na-assembleia-legislativa\/","title":{"rendered":"Fernando Santana \u00e9 eleito presidente da Comiss\u00e3o Especial da Enel na Assembleia Legislativa"},"content":{"rendered":"\n<p>O deputado estadual Fernando Santana (PT) foi escolhido o presidente da Comiss\u00e3o Especial da Enel na Assembleia Legislativa do Cear\u00e1. Guilherme Landim (PDT) foi eleito relator e Fernanda Pessoa (UB) vice-presidente. Tamb\u00e9m integram a comiss\u00e3o os parlamentares Jeov\u00e1 Mota (PDT), Leonardo Ara\u00fajo (MDB), \u00c9rika Amorim (PSD), Delegado Cavalcante (PL), Leonardo Pinheiro (Progressistas) e Ap\u00f3stolo Luiz Henrique (Republicanos).<\/p>\n\n\n\n<p>De acordo com o presidente da Casa, Evandro Leit\u00e3o (PDT), a comiss\u00e3o atuar\u00e1 para barrar o reajuste de 24,88% que a Enel quer instituir nas contas de energia el\u00e9trica dos cearenses. A Assembleia Legislativa integra a\u00e7\u00e3o judicial juntamente com Minist\u00e9rio P\u00fablico Estadual para suspender o aumento. \u201cEstamos passando por uma forte turbul\u00eancia econ\u00f4mica. Este reajuste trar\u00e1 muitos preju\u00edzos para a cadeia produtiva e para as fam\u00edlias cearenses\u201d, afirma.<\/p>\n\n\n\n<p>Segundo Evandro Leit\u00e3o, o grupo ir\u00e1 ainda revisar o contrato de concess\u00e3o da Enel para saber se todas as cl\u00e1usulas est\u00e3o sendo cumpridas. \u201cA comiss\u00e3o tem 60 dias para fazer essa an\u00e1lise e produzir um relat\u00f3rio sobre o contrato\u201d, explica.<\/p>\n\n\n\n<p>Na semana passada, a C\u00e2mara Municipal de Fortaleza formou uma comiss\u00e3o que agir\u00e1 de forma conjunta com os deputados estaduais e o Minist\u00e9rio P\u00fablico Estadual. A Associa\u00e7\u00e3o dos Munic\u00edpios do Estado do Cear\u00e1 (Aprece) tamb\u00e9m mobilizar\u00e1 os prefeitos para saber os principais problemas da Enel no interior do Estado.<\/p>\n\n\n\n<figure class=\"wp-block-image size-large\"><img loading=\"lazy\" decoding=\"async\" width=\"1024\" height=\"681\" src=\"https:\/\/blogdorogeriogomes.com.br\/wp-content\/uploads\/2022\/05\/IMG-20220517-WA0183-1024x681.jpg\" alt=\"\" class=\"wp-image-25380\" srcset=\"https:\/\/blogdorogeriogomes.com.br\/noticias\/wp-content\/uploads\/2022\/05\/IMG-20220517-WA0183-1024x681.jpg 1024w, https:\/\/blogdorogeriogomes.com.br\/noticias\/wp-content\/uploads\/2022\/05\/IMG-20220517-WA0183-300x200.jpg 300w, https:\/\/blogdorogeriogomes.com.br\/noticias\/wp-content\/uploads\/2022\/05\/IMG-20220517-WA0183-768x511.jpg 768w, https:\/\/blogdorogeriogomes.com.br\/noticias\/wp-content\/uploads\/2022\/05\/IMG-20220517-WA0183-1536x1021.jpg 1536w, https:\/\/blogdorogeriogomes.com.br\/noticias\/wp-content\/uploads\/2022\/05\/IMG-20220517-WA0183-800x532.jpg 800w, https:\/\/blogdorogeriogomes.com.br\/noticias\/wp-content\/uploads\/2022\/05\/IMG-20220517-WA0183.jpg 1600w\" sizes=\"auto, (max-width: 1024px) 100vw, 1024px\" \/><\/figure>\n","protected":false},"excerpt":{"rendered":"<p>O deputado estadual Fernando Santana (PT) foi escolhido o presidente da Comiss\u00e3o Especial da Enel na Assembleia Legislativa do Cear\u00e1. Guilherme Landim (PDT) foi eleito relator e Fernanda Pessoa (UB) vice-presidente. Tamb\u00e9m integram a comiss\u00e3o os parlamentares Jeov\u00e1 Mota (PDT), Leonardo Ara\u00fajo (MDB), \u00c9rika Amorim (PSD), Delegado Cavalcante (PL), Leonardo Pinheiro (Progressistas) e Ap\u00f3stolo Luiz Henrique (Republicanos). De acordo com o presidente da Casa, Evandro Leit\u00e3o (PDT), a comiss\u00e3o atuar\u00e1 para barrar o reajuste de 24,88% que a Enel&hellip;<\/p>\n","protected":false},"author":1,"featured_media":25380,"comment_status":"open","ping_status":"open","sticky":false,"template":"","format":"standard","meta":{"footnotes":""},"categories":[1],"tags":[],"class_list":["post-25379","post","type-post","status-publish","format-standard","has-post-thumbnail","hentry","category-noticias"],"_links":{"self":[{"href":"https:\/\/blogdorogeriogomes.com.br\/noticias\/wp-json\/wp\/v2\/posts\/25379","targetHints":{"allow":["GET"]}}],"collection":[{"href":"https:\/\/blogdorogeriogomes.com.br\/noticias\/wp-json\/wp\/v2\/posts"}],"about":[{"href":"https:\/\/blogdorogeriogomes.com.br\/noticias\/wp-json\/wp\/v2\/types\/post"}],"author":[{"embeddable":true,"href":"https:\/\/blogdorogeriogomes.com.br\/noticias\/wp-json\/wp\/v2\/users\/1"}],"replies":[{"embeddable":true,"href":"https:\/\/blogdorogeriogomes.com.br\/noticias\/wp-json\/wp\/v2\/comments?post=25379"}],"version-history":[{"count":1,"href":"https:\/\/blogdorogeriogomes.com.br\/noticias\/wp-json\/wp\/v2\/posts\/25379\/revisions"}],"predecessor-version":[{"id":25381,"href":"https:\/\/blogdorogeriogomes.com.br\/noticias\/wp-json\/wp\/v2\/posts\/25379\/revisions\/25381"}],"wp:featuredmedia":[{"embeddable":true,"href":"https:\/\/blogdorogeriogomes.com.br\/noticias\/wp-json\/wp\/v2\/media\/25380"}],"wp:attachment":[{"href":"https:\/\/blogdorogeriogomes.com.br\/noticias\/wp-json\/wp\/v2\/media?parent=25379"}],"wp:term":[{"taxonomy":"category","embeddable":true,"href":"https:\/\/blogdorogeriogomes.com.br\/noticias\/wp-json\/wp\/v2\/categories?post=25379"},{"taxonomy":"post_tag","embeddable":true,"href":"https:\/\/blogdorogeriogomes.com.br\/noticias\/wp-json\/wp\/v2\/tags?post=25379"}],"curies":[{"name":"wp","href":"https:\/\/api.w.org\/{rel}","templated":true}]}}