{"id":25385,"date":"2022-05-18T10:54:56","date_gmt":"2022-05-18T10:54:56","guid":{"rendered":"https:\/\/blogdorogeriogomes.com.br\/?p=25385"},"modified":"2022-05-18T11:08:20","modified_gmt":"2022-05-18T11:08:20","slug":"nova-beira-mar-em-fortaleza-tem-entrega-total-nesta-sexta-feira","status":"publish","type":"post","link":"https:\/\/blogdorogeriogomes.com.br\/noticias\/2022\/05\/nova-beira-mar-em-fortaleza-tem-entrega-total-nesta-sexta-feira\/","title":{"rendered":"Nova Beira-Mar em Fortaleza tem entrega total nesta sexta-feira"},"content":{"rendered":"\n<p>As obras de requalifica\u00e7\u00e3o da nova Beira-Mar ser\u00e3o entregues 100% nesta sexta-feira, dia 20 de maio, e a Prefeitura de Fortaleza preparou uma programa\u00e7\u00e3o especial marcar a data para os fortalezenses. A proposta \u00e9 oferecer atra\u00e7\u00f5es culturais e espet\u00e1culo luminot\u00e9cnico ao longo dos tr\u00eas quil\u00f4metros da orla, a partir das 17 horas, al\u00e9m de uma apresenta\u00e7\u00e3o musical, num palco instalado ao lado da nova feirinha.<\/p>\n\n\n\n<p>Com a finaliza\u00e7\u00e3o do projeto, o cal\u00e7ad\u00e3o da Av. Beira-Mar passou a contar com barracas, equipamentos esportivos e banheiros p\u00fablicos. S\u00e3o mais de 125 mil m\u00b2 de \u00e1rea urbanizada, al\u00e9m de 3 km de via com nova pavimenta\u00e7\u00e3o com piso intertravado, cal\u00e7adas e sistema de drenagem. As interven\u00e7\u00f5es contaram com investimento de R$ 120 milh\u00f5es.<\/p>\n\n\n\n<p>A partir desta sexta-feira, a Feirinha da Beira-Mar passa a funcionar em sua nova estrutura. S\u00e3o 707 boxes distribu\u00eddos em mais de 8 mil m\u00b2 de \u00e1rea urbanizada e acess\u00edvel com piso em concreto.<\/p>\n\n\n\n<figure class=\"wp-block-image size-large\"><img loading=\"lazy\" decoding=\"async\" width=\"1024\" height=\"602\" src=\"https:\/\/blogdorogeriogomes.com.br\/wp-content\/uploads\/2022\/05\/16-05-2022-BeiraMar-4664-1024x602.jpg\" alt=\"\" class=\"wp-image-25386\" srcset=\"https:\/\/blogdorogeriogomes.com.br\/noticias\/wp-content\/uploads\/2022\/05\/16-05-2022-BeiraMar-4664-1024x602.jpg 1024w, https:\/\/blogdorogeriogomes.com.br\/noticias\/wp-content\/uploads\/2022\/05\/16-05-2022-BeiraMar-4664-300x176.jpg 300w, https:\/\/blogdorogeriogomes.com.br\/noticias\/wp-content\/uploads\/2022\/05\/16-05-2022-BeiraMar-4664-768x451.jpg 768w, https:\/\/blogdorogeriogomes.com.br\/noticias\/wp-content\/uploads\/2022\/05\/16-05-2022-BeiraMar-4664-800x470.jpg 800w, https:\/\/blogdorogeriogomes.com.br\/noticias\/wp-content\/uploads\/2022\/05\/16-05-2022-BeiraMar-4664.jpg 1280w\" sizes=\"auto, (max-width: 1024px) 100vw, 1024px\" \/><\/figure>\n","protected":false},"excerpt":{"rendered":"<p>As obras de requalifica\u00e7\u00e3o da nova Beira-Mar ser\u00e3o entregues 100% nesta sexta-feira, dia 20 de maio, e a Prefeitura de Fortaleza preparou uma programa\u00e7\u00e3o especial marcar a data para os fortalezenses. A proposta \u00e9 oferecer atra\u00e7\u00f5es culturais e espet\u00e1culo luminot\u00e9cnico ao longo dos tr\u00eas quil\u00f4metros da orla, a partir das 17 horas, al\u00e9m de uma apresenta\u00e7\u00e3o musical, num palco instalado ao lado da nova feirinha. Com a finaliza\u00e7\u00e3o do projeto, o cal\u00e7ad\u00e3o da Av. Beira-Mar passou a contar com&hellip;<\/p>\n","protected":false},"author":1,"featured_media":25386,"comment_status":"open","ping_status":"open","sticky":false,"template":"","format":"standard","meta":{"footnotes":""},"categories":[1],"tags":[],"class_list":["post-25385","post","type-post","status-publish","format-standard","has-post-thumbnail","hentry","category-noticias"],"_links":{"self":[{"href":"https:\/\/blogdorogeriogomes.com.br\/noticias\/wp-json\/wp\/v2\/posts\/25385","targetHints":{"allow":["GET"]}}],"collection":[{"href":"https:\/\/blogdorogeriogomes.com.br\/noticias\/wp-json\/wp\/v2\/posts"}],"about":[{"href":"https:\/\/blogdorogeriogomes.com.br\/noticias\/wp-json\/wp\/v2\/types\/post"}],"author":[{"embeddable":true,"href":"https:\/\/blogdorogeriogomes.com.br\/noticias\/wp-json\/wp\/v2\/users\/1"}],"replies":[{"embeddable":true,"href":"https:\/\/blogdorogeriogomes.com.br\/noticias\/wp-json\/wp\/v2\/comments?post=25385"}],"version-history":[{"count":1,"href":"https:\/\/blogdorogeriogomes.com.br\/noticias\/wp-json\/wp\/v2\/posts\/25385\/revisions"}],"predecessor-version":[{"id":25387,"href":"https:\/\/blogdorogeriogomes.com.br\/noticias\/wp-json\/wp\/v2\/posts\/25385\/revisions\/25387"}],"wp:featuredmedia":[{"embeddable":true,"href":"https:\/\/blogdorogeriogomes.com.br\/noticias\/wp-json\/wp\/v2\/media\/25386"}],"wp:attachment":[{"href":"https:\/\/blogdorogeriogomes.com.br\/noticias\/wp-json\/wp\/v2\/media?parent=25385"}],"wp:term":[{"taxonomy":"category","embeddable":true,"href":"https:\/\/blogdorogeriogomes.com.br\/noticias\/wp-json\/wp\/v2\/categories?post=25385"},{"taxonomy":"post_tag","embeddable":true,"href":"https:\/\/blogdorogeriogomes.com.br\/noticias\/wp-json\/wp\/v2\/tags?post=25385"}],"curies":[{"name":"wp","href":"https:\/\/api.w.org\/{rel}","templated":true}]}}