{"id":25400,"date":"2022-05-18T23:37:45","date_gmt":"2022-05-18T23:37:45","guid":{"rendered":"https:\/\/blogdorogeriogomes.com.br\/?p=25400"},"modified":"2022-05-20T11:00:36","modified_gmt":"2022-05-20T11:00:36","slug":"tcu-aprova-a-privatizacao-da-eletrobras-pelo-governo-bolsonaro","status":"publish","type":"post","link":"https:\/\/blogdorogeriogomes.com.br\/noticias\/2022\/05\/tcu-aprova-a-privatizacao-da-eletrobras-pelo-governo-bolsonaro\/","title":{"rendered":"TCU aprova a privatiza\u00e7\u00e3o da Eletrobras pelo Governo Bolsonaro"},"content":{"rendered":"\n<p>O plen\u00e1rio do&nbsp;Tribunal de Contas da Uni\u00e3o (TCU) aprovou nesta quarta-feira, dia 18 de maio, por&nbsp;sete votos a um,&nbsp;a continuidade do&nbsp;processo de privatiza\u00e7\u00e3o da Eletrobras, estatal que atua nas \u00e1reas de gera\u00e7\u00e3o e transmiss\u00e3o de energia. <\/p>\n\n\n\n<p>O Governo Bolsonaro aguardava aprova\u00e7\u00e3o do TCU para vender a\u00e7\u00f5es ainda neste ano. A Eletrobras deve ser a primeira grande estatal a ser vendida em quase quatro anos do atual governo.<\/p>\n\n\n\n<p>Entre os integrantes do TCU, apenas o ministro Vital do R\u00eago foi contr\u00e1rio \u00e0 opera\u00e7\u00e3o de venda do controle da estatal de energia. Outros sete ministros votaram pela privatiza\u00e7\u00e3o. Vital do R\u00eago fez duras cr\u00edticas ao processo de privatiza\u00e7\u00e3o e aos c\u00e1lculos dos valores envolvidos. Ele afirmou que a companhia estava sendo entregue pelo governo ao setor privado a &#8220;pre\u00e7o de banana&#8221;.<\/p>\n\n\n\n<p>O Governo Bolsonaro corre contra o tempo porque deseja que a privatiza\u00e7\u00e3o ocorra antes de agosto, mas teme que o processo eleitoral no Pa\u00eds atrapalhe o andamento da venda estatal.<br><\/p>\n\n\n\n<figure class=\"wp-block-image size-full\"><img loading=\"lazy\" decoding=\"async\" width=\"738\" height=\"415\" src=\"https:\/\/blogdorogeriogomes.com.br\/wp-content\/uploads\/2022\/05\/images-62.jpeg\" alt=\"\" class=\"wp-image-25401\" srcset=\"https:\/\/blogdorogeriogomes.com.br\/noticias\/wp-content\/uploads\/2022\/05\/images-62.jpeg 738w, https:\/\/blogdorogeriogomes.com.br\/noticias\/wp-content\/uploads\/2022\/05\/images-62-300x169.jpeg 300w\" sizes=\"auto, (max-width: 738px) 100vw, 738px\" \/><\/figure>\n\n\n\n<p><br><\/p>\n","protected":false},"excerpt":{"rendered":"<p>O plen\u00e1rio do&nbsp;Tribunal de Contas da Uni\u00e3o (TCU) aprovou nesta quarta-feira, dia 18 de maio, por&nbsp;sete votos a um,&nbsp;a continuidade do&nbsp;processo de privatiza\u00e7\u00e3o da Eletrobras, estatal que atua nas \u00e1reas de gera\u00e7\u00e3o e transmiss\u00e3o de energia. O Governo Bolsonaro aguardava aprova\u00e7\u00e3o do TCU para vender a\u00e7\u00f5es ainda neste ano. A Eletrobras deve ser a primeira grande estatal a ser vendida em quase quatro anos do atual governo. Entre os integrantes do TCU, apenas o ministro Vital do R\u00eago foi&hellip;<\/p>\n","protected":false},"author":1,"featured_media":25401,"comment_status":"open","ping_status":"open","sticky":false,"template":"","format":"standard","meta":{"footnotes":""},"categories":[1],"tags":[],"class_list":["post-25400","post","type-post","status-publish","format-standard","has-post-thumbnail","hentry","category-noticias"],"_links":{"self":[{"href":"https:\/\/blogdorogeriogomes.com.br\/noticias\/wp-json\/wp\/v2\/posts\/25400","targetHints":{"allow":["GET"]}}],"collection":[{"href":"https:\/\/blogdorogeriogomes.com.br\/noticias\/wp-json\/wp\/v2\/posts"}],"about":[{"href":"https:\/\/blogdorogeriogomes.com.br\/noticias\/wp-json\/wp\/v2\/types\/post"}],"author":[{"embeddable":true,"href":"https:\/\/blogdorogeriogomes.com.br\/noticias\/wp-json\/wp\/v2\/users\/1"}],"replies":[{"embeddable":true,"href":"https:\/\/blogdorogeriogomes.com.br\/noticias\/wp-json\/wp\/v2\/comments?post=25400"}],"version-history":[{"count":2,"href":"https:\/\/blogdorogeriogomes.com.br\/noticias\/wp-json\/wp\/v2\/posts\/25400\/revisions"}],"predecessor-version":[{"id":25419,"href":"https:\/\/blogdorogeriogomes.com.br\/noticias\/wp-json\/wp\/v2\/posts\/25400\/revisions\/25419"}],"wp:featuredmedia":[{"embeddable":true,"href":"https:\/\/blogdorogeriogomes.com.br\/noticias\/wp-json\/wp\/v2\/media\/25401"}],"wp:attachment":[{"href":"https:\/\/blogdorogeriogomes.com.br\/noticias\/wp-json\/wp\/v2\/media?parent=25400"}],"wp:term":[{"taxonomy":"category","embeddable":true,"href":"https:\/\/blogdorogeriogomes.com.br\/noticias\/wp-json\/wp\/v2\/categories?post=25400"},{"taxonomy":"post_tag","embeddable":true,"href":"https:\/\/blogdorogeriogomes.com.br\/noticias\/wp-json\/wp\/v2\/tags?post=25400"}],"curies":[{"name":"wp","href":"https:\/\/api.w.org\/{rel}","templated":true}]}}