{"id":25403,"date":"2022-05-19T12:41:33","date_gmt":"2022-05-19T12:41:33","guid":{"rendered":"https:\/\/blogdorogeriogomes.com.br\/?p=25403"},"modified":"2022-05-20T11:00:28","modified_gmt":"2022-05-20T11:00:28","slug":"simone-tebet-sera-a-candidata-indicada-pela-terceira-via-falta-combinar-com-joao-doria","status":"publish","type":"post","link":"https:\/\/blogdorogeriogomes.com.br\/noticias\/2022\/05\/simone-tebet-sera-a-candidata-indicada-pela-terceira-via-falta-combinar-com-joao-doria\/","title":{"rendered":"Simone Tebet ser\u00e1 a candidata indicada pela &#8220;terceira via&#8221;. Falta combinar com Jo\u00e3o Doria"},"content":{"rendered":"\n<p>L\u00edderes do MDB, PSDB e Cidadania fecharam quest\u00e3o que a senadora Simone Tebet (MDB) deve ser a candidata \u00fanica \u00e0 Presid\u00eancia da Rep\u00fablica da chamada &#8220;terceira via&#8221;. A escolha teria como base uma pesquisa feita pelos partidos, que teria apontado mais possibilidade de crescimento de Tebet nas pesquisas al\u00e9m da baixa rejei\u00e7\u00e3o ao seu nome.<\/p>\n\n\n\n<p>O problema est\u00e1 em rela\u00e7\u00e3o ao ex-governador de S\u00e3o Paulo, Jo\u00e3o Doria (PSDB), que diz n\u00e3o abrir m\u00e3o da sua candidatura por ter sido escolhido nas pr\u00e9vias realizadas pelo partido tucano.<\/p>\n\n\n\n<p>Doria se diz disposto a recorrer \u00e0 Justi\u00e7a para garantir o direito de concorrer pelo PSDB, que est\u00e1 completamente dividido a respeito do tema.<\/p>\n\n\n\n<p>O an\u00fancio de Simone Tebet como pr\u00e9-candidata da &#8220;terceira via&#8221; deve ser feito na pr\u00f3xima ter\u00e7a-feira, dia 24 de maio, quando as executivas do PSDB, MDB e Cidadania chancelarem o seu nome.<\/p>\n\n\n\n<figure class=\"wp-block-image size-full\"><img loading=\"lazy\" decoding=\"async\" width=\"418\" height=\"314\" src=\"https:\/\/blogdorogeriogomes.com.br\/wp-content\/uploads\/2022\/05\/Simone-Tebet.jpg\" alt=\"\" class=\"wp-image-25404\" srcset=\"https:\/\/blogdorogeriogomes.com.br\/noticias\/wp-content\/uploads\/2022\/05\/Simone-Tebet.jpg 418w, https:\/\/blogdorogeriogomes.com.br\/noticias\/wp-content\/uploads\/2022\/05\/Simone-Tebet-300x225.jpg 300w, https:\/\/blogdorogeriogomes.com.br\/noticias\/wp-content\/uploads\/2022\/05\/Simone-Tebet-400x300.jpg 400w\" sizes=\"auto, (max-width: 418px) 100vw, 418px\" \/><\/figure>\n","protected":false},"excerpt":{"rendered":"<p>L\u00edderes do MDB, PSDB e Cidadania fecharam quest\u00e3o que a senadora Simone Tebet (MDB) deve ser a candidata \u00fanica \u00e0 Presid\u00eancia da Rep\u00fablica da chamada &#8220;terceira via&#8221;. A escolha teria como base uma pesquisa feita pelos partidos, que teria apontado mais possibilidade de crescimento de Tebet nas pesquisas al\u00e9m da baixa rejei\u00e7\u00e3o ao seu nome. O problema est\u00e1 em rela\u00e7\u00e3o ao ex-governador de S\u00e3o Paulo, Jo\u00e3o Doria (PSDB), que diz n\u00e3o abrir m\u00e3o da sua candidatura por ter sido&hellip;<\/p>\n","protected":false},"author":1,"featured_media":25404,"comment_status":"open","ping_status":"open","sticky":false,"template":"","format":"standard","meta":{"footnotes":""},"categories":[1],"tags":[],"class_list":["post-25403","post","type-post","status-publish","format-standard","has-post-thumbnail","hentry","category-noticias"],"_links":{"self":[{"href":"https:\/\/blogdorogeriogomes.com.br\/noticias\/wp-json\/wp\/v2\/posts\/25403","targetHints":{"allow":["GET"]}}],"collection":[{"href":"https:\/\/blogdorogeriogomes.com.br\/noticias\/wp-json\/wp\/v2\/posts"}],"about":[{"href":"https:\/\/blogdorogeriogomes.com.br\/noticias\/wp-json\/wp\/v2\/types\/post"}],"author":[{"embeddable":true,"href":"https:\/\/blogdorogeriogomes.com.br\/noticias\/wp-json\/wp\/v2\/users\/1"}],"replies":[{"embeddable":true,"href":"https:\/\/blogdorogeriogomes.com.br\/noticias\/wp-json\/wp\/v2\/comments?post=25403"}],"version-history":[{"count":1,"href":"https:\/\/blogdorogeriogomes.com.br\/noticias\/wp-json\/wp\/v2\/posts\/25403\/revisions"}],"predecessor-version":[{"id":25405,"href":"https:\/\/blogdorogeriogomes.com.br\/noticias\/wp-json\/wp\/v2\/posts\/25403\/revisions\/25405"}],"wp:featuredmedia":[{"embeddable":true,"href":"https:\/\/blogdorogeriogomes.com.br\/noticias\/wp-json\/wp\/v2\/media\/25404"}],"wp:attachment":[{"href":"https:\/\/blogdorogeriogomes.com.br\/noticias\/wp-json\/wp\/v2\/media?parent=25403"}],"wp:term":[{"taxonomy":"category","embeddable":true,"href":"https:\/\/blogdorogeriogomes.com.br\/noticias\/wp-json\/wp\/v2\/categories?post=25403"},{"taxonomy":"post_tag","embeddable":true,"href":"https:\/\/blogdorogeriogomes.com.br\/noticias\/wp-json\/wp\/v2\/tags?post=25403"}],"curies":[{"name":"wp","href":"https:\/\/api.w.org\/{rel}","templated":true}]}}