{"id":25406,"date":"2022-05-19T13:11:51","date_gmt":"2022-05-19T13:11:51","guid":{"rendered":"https:\/\/blogdorogeriogomes.com.br\/?p=25406"},"modified":"2022-05-20T11:00:15","modified_gmt":"2022-05-20T11:00:15","slug":"procon-fortaleza-divulga-pesquisa-com-precos-que-compoem-o-cafe-da-manha-a-hora-e-de-economizar","status":"publish","type":"post","link":"https:\/\/blogdorogeriogomes.com.br\/noticias\/2022\/05\/procon-fortaleza-divulga-pesquisa-com-precos-que-compoem-o-cafe-da-manha-a-hora-e-de-economizar\/","title":{"rendered":"Procon Fortaleza divulga pesquisa com pre\u00e7os que comp\u00f5em o caf\u00e9 da manh\u00e3. A hora \u00e9 de economizar"},"content":{"rendered":"\n<p>O Procon Fortaleza divulgou, nesta quarta-feira, dia 18 de maio, uma pesquisa com pre\u00e7os de itens que comp\u00f5em o caf\u00e9 da manh\u00e3. O levantamento, realizado entre os dias 2 e 0 de maio nas 12 Regionais da Capital, traz pre\u00e7os de 25 alimentos mais consumidos na primeira refei\u00e7\u00e3o do dia, como p\u00e3o, tapioca, cuscuz, caf\u00e9, leite, caldos, sucos e frutas. O Procon visitou 12 padarias e panificadoras, algumas no interior de supermercados.<\/p>\n\n\n\n<p>Itens mais consumidos no caf\u00e9 da manh\u00e3 podem sair mais baratos ou mais caros, a depender da regi\u00e3o de Fortaleza. O pre\u00e7o da x\u00edcara de caf\u00e9 pode variar at\u00e9 400%. O p\u00e3o carioquinha pode custar at\u00e9 116% de diferen\u00e7a. J\u00e1 a salada de frutas pode variar at\u00e9 1.395%. <\/p>\n\n\n\n<p>Em resumo, vale a pena pesquisar muito na hora de gastar com alimenta\u00e7\u00e3o.<\/p>\n\n\n\n<figure class=\"wp-block-image size-full\"><img loading=\"lazy\" decoding=\"async\" width=\"678\" height=\"452\" src=\"https:\/\/blogdorogeriogomes.com.br\/wp-content\/uploads\/2022\/05\/images-63.jpeg\" alt=\"\" class=\"wp-image-25408\" srcset=\"https:\/\/blogdorogeriogomes.com.br\/noticias\/wp-content\/uploads\/2022\/05\/images-63.jpeg 678w, https:\/\/blogdorogeriogomes.com.br\/noticias\/wp-content\/uploads\/2022\/05\/images-63-300x200.jpeg 300w\" sizes=\"auto, (max-width: 678px) 100vw, 678px\" \/><\/figure>\n","protected":false},"excerpt":{"rendered":"<p>O Procon Fortaleza divulgou, nesta quarta-feira, dia 18 de maio, uma pesquisa com pre\u00e7os de itens que comp\u00f5em o caf\u00e9 da manh\u00e3. O levantamento, realizado entre os dias 2 e 0 de maio nas 12 Regionais da Capital, traz pre\u00e7os de 25 alimentos mais consumidos na primeira refei\u00e7\u00e3o do dia, como p\u00e3o, tapioca, cuscuz, caf\u00e9, leite, caldos, sucos e frutas. O Procon visitou 12 padarias e panificadoras, algumas no interior de supermercados. Itens mais consumidos no caf\u00e9 da manh\u00e3&hellip;<\/p>\n","protected":false},"author":1,"featured_media":25408,"comment_status":"open","ping_status":"open","sticky":false,"template":"","format":"standard","meta":{"footnotes":""},"categories":[1],"tags":[],"class_list":["post-25406","post","type-post","status-publish","format-standard","has-post-thumbnail","hentry","category-noticias"],"_links":{"self":[{"href":"https:\/\/blogdorogeriogomes.com.br\/noticias\/wp-json\/wp\/v2\/posts\/25406","targetHints":{"allow":["GET"]}}],"collection":[{"href":"https:\/\/blogdorogeriogomes.com.br\/noticias\/wp-json\/wp\/v2\/posts"}],"about":[{"href":"https:\/\/blogdorogeriogomes.com.br\/noticias\/wp-json\/wp\/v2\/types\/post"}],"author":[{"embeddable":true,"href":"https:\/\/blogdorogeriogomes.com.br\/noticias\/wp-json\/wp\/v2\/users\/1"}],"replies":[{"embeddable":true,"href":"https:\/\/blogdorogeriogomes.com.br\/noticias\/wp-json\/wp\/v2\/comments?post=25406"}],"version-history":[{"count":1,"href":"https:\/\/blogdorogeriogomes.com.br\/noticias\/wp-json\/wp\/v2\/posts\/25406\/revisions"}],"predecessor-version":[{"id":25409,"href":"https:\/\/blogdorogeriogomes.com.br\/noticias\/wp-json\/wp\/v2\/posts\/25406\/revisions\/25409"}],"wp:featuredmedia":[{"embeddable":true,"href":"https:\/\/blogdorogeriogomes.com.br\/noticias\/wp-json\/wp\/v2\/media\/25408"}],"wp:attachment":[{"href":"https:\/\/blogdorogeriogomes.com.br\/noticias\/wp-json\/wp\/v2\/media?parent=25406"}],"wp:term":[{"taxonomy":"category","embeddable":true,"href":"https:\/\/blogdorogeriogomes.com.br\/noticias\/wp-json\/wp\/v2\/categories?post=25406"},{"taxonomy":"post_tag","embeddable":true,"href":"https:\/\/blogdorogeriogomes.com.br\/noticias\/wp-json\/wp\/v2\/tags?post=25406"}],"curies":[{"name":"wp","href":"https:\/\/api.w.org\/{rel}","templated":true}]}}