{"id":25413,"date":"2022-05-19T19:42:34","date_gmt":"2022-05-19T19:42:34","guid":{"rendered":"https:\/\/blogdorogeriogomes.com.br\/?p=25413"},"modified":"2022-05-20T10:59:53","modified_gmt":"2022-05-20T10:59:53","slug":"izolda-cela-reune-roberto-claudio-evandro-leitao-e-mauro-filho-em-almoco-na-residencia-oficial","status":"publish","type":"post","link":"https:\/\/blogdorogeriogomes.com.br\/noticias\/2022\/05\/izolda-cela-reune-roberto-claudio-evandro-leitao-e-mauro-filho-em-almoco-na-residencia-oficial\/","title":{"rendered":"Izolda Cela re\u00fane Roberto Cl\u00e1udio, Evandro Leit\u00e3o e Mauro Filho em almo\u00e7o na Resid\u00eancia Oficial"},"content":{"rendered":"\n<p>Ainda sem uma defini\u00e7\u00e3o do candidato governista para a disputa estadual de 2022, a governadora do Cear\u00e1, Izolda Cela, reuniu nesta quinta-feira, dia 19 de maio, na Resid\u00eancia Oficial, os outros tr\u00eas pr\u00e9-candidatos do PDT ao Governo do Cear\u00e1: o ex-prefeito de Fortaleza, Roberto Cl\u00e1udio, o presidente da Assembleia Legislativa, Evandro Leit\u00e3o, e o deputado federal Mauro Filho. \u201cEste projeto n\u00e3o \u00e9 de uma \u00fanica pessoa. \u00c9 de todas e todos aqueles que querem o bem do nosso Cear\u00e1 e o melhor para o povo cearense\u201d, destacou Izolda Cela.<\/p>\n\n\n\n<p>Nos \u00faltimos meses, os \u00e2nimos envolvendo aliados dos pr\u00e9-candidatos t\u00eam ficado exaltados nas redes sociais, principalmente, entre os que defendem os nomes de Izolda Cela e Roberto Cl\u00e1udio.<\/p>\n\n\n\n<p>O acirramento envolve a alian\u00e7a entre o PDT e o PT, que tem mostrado disposi\u00e7\u00e3o em reeleger Izolda Cela para o Pal\u00e1cio da Aboli\u00e7\u00e3o. &#8220;O tempo \u00e9 de celebrar nossa uni\u00e3o, compromisso e responsabilidade com o presente e o futuro do Cear\u00e1&#8221;, ressaltou Roberto Cl\u00e1udio.<\/p>\n\n\n\n<p>A expectativa \u00e9 que o nome do candidato governista deve sair at\u00e9 o fim de junho.<\/p>\n\n\n\n<figure class=\"wp-block-image size-full\"><img loading=\"lazy\" decoding=\"async\" width=\"750\" height=\"390\" src=\"https:\/\/blogdorogeriogomes.com.br\/wp-content\/uploads\/2022\/05\/283001656_129304886388189_6239023834431541416_n.jpg\" alt=\"\" class=\"wp-image-25414\" srcset=\"https:\/\/blogdorogeriogomes.com.br\/noticias\/wp-content\/uploads\/2022\/05\/283001656_129304886388189_6239023834431541416_n.jpg 750w, https:\/\/blogdorogeriogomes.com.br\/noticias\/wp-content\/uploads\/2022\/05\/283001656_129304886388189_6239023834431541416_n-300x156.jpg 300w\" sizes=\"auto, (max-width: 750px) 100vw, 750px\" \/><\/figure>\n","protected":false},"excerpt":{"rendered":"<p>Ainda sem uma defini\u00e7\u00e3o do candidato governista para a disputa estadual de 2022, a governadora do Cear\u00e1, Izolda Cela, reuniu nesta quinta-feira, dia 19 de maio, na Resid\u00eancia Oficial, os outros tr\u00eas pr\u00e9-candidatos do PDT ao Governo do Cear\u00e1: o ex-prefeito de Fortaleza, Roberto Cl\u00e1udio, o presidente da Assembleia Legislativa, Evandro Leit\u00e3o, e o deputado federal Mauro Filho. \u201cEste projeto n\u00e3o \u00e9 de uma \u00fanica pessoa. \u00c9 de todas e todos aqueles que querem o bem do nosso Cear\u00e1&hellip;<\/p>\n","protected":false},"author":1,"featured_media":25414,"comment_status":"open","ping_status":"open","sticky":false,"template":"","format":"standard","meta":{"footnotes":""},"categories":[1],"tags":[],"class_list":["post-25413","post","type-post","status-publish","format-standard","has-post-thumbnail","hentry","category-noticias"],"_links":{"self":[{"href":"https:\/\/blogdorogeriogomes.com.br\/noticias\/wp-json\/wp\/v2\/posts\/25413","targetHints":{"allow":["GET"]}}],"collection":[{"href":"https:\/\/blogdorogeriogomes.com.br\/noticias\/wp-json\/wp\/v2\/posts"}],"about":[{"href":"https:\/\/blogdorogeriogomes.com.br\/noticias\/wp-json\/wp\/v2\/types\/post"}],"author":[{"embeddable":true,"href":"https:\/\/blogdorogeriogomes.com.br\/noticias\/wp-json\/wp\/v2\/users\/1"}],"replies":[{"embeddable":true,"href":"https:\/\/blogdorogeriogomes.com.br\/noticias\/wp-json\/wp\/v2\/comments?post=25413"}],"version-history":[{"count":1,"href":"https:\/\/blogdorogeriogomes.com.br\/noticias\/wp-json\/wp\/v2\/posts\/25413\/revisions"}],"predecessor-version":[{"id":25415,"href":"https:\/\/blogdorogeriogomes.com.br\/noticias\/wp-json\/wp\/v2\/posts\/25413\/revisions\/25415"}],"wp:featuredmedia":[{"embeddable":true,"href":"https:\/\/blogdorogeriogomes.com.br\/noticias\/wp-json\/wp\/v2\/media\/25414"}],"wp:attachment":[{"href":"https:\/\/blogdorogeriogomes.com.br\/noticias\/wp-json\/wp\/v2\/media?parent=25413"}],"wp:term":[{"taxonomy":"category","embeddable":true,"href":"https:\/\/blogdorogeriogomes.com.br\/noticias\/wp-json\/wp\/v2\/categories?post=25413"},{"taxonomy":"post_tag","embeddable":true,"href":"https:\/\/blogdorogeriogomes.com.br\/noticias\/wp-json\/wp\/v2\/tags?post=25413"}],"curies":[{"name":"wp","href":"https:\/\/api.w.org\/{rel}","templated":true}]}}