{"id":25420,"date":"2022-05-20T11:24:52","date_gmt":"2022-05-20T11:24:52","guid":{"rendered":"https:\/\/blogdorogeriogomes.com.br\/?p=25420"},"modified":"2022-05-20T18:52:55","modified_gmt":"2022-05-20T18:52:55","slug":"tribunal-de-justica-do-ceara-forma-lista-triplice-para-nova-vaga-de-desembargador","status":"publish","type":"post","link":"https:\/\/blogdorogeriogomes.com.br\/noticias\/2022\/05\/tribunal-de-justica-do-ceara-forma-lista-triplice-para-nova-vaga-de-desembargador\/","title":{"rendered":"Tribunal de Justi\u00e7a do Cear\u00e1 forma lista tr\u00edplice para nova vaga de desembargador"},"content":{"rendered":"\n<p>O Tribunal de Justi\u00e7a do Cear\u00e1 formou a lista tr\u00edplice para preenchimento de uma vaga de desembargador na corte, aberta com a aposentadoria da magistrada Vera L\u00facia Correia Lima.<\/p>\n\n\n\n<p>Por ordem de vota\u00e7\u00e3o, encabe\u00e7am a lista as procuradoras Angela Teresa Gondim Carneiro Chaves, com 34 votos; Maria Neves Feitosa Campos, com 30; e Vanja Fontenele Pontes, com 27.<\/p>\n\n\n\n<p>Os nomes ser\u00e3o encaminhados para a governadora Izolda Cela, a quem cabe a escolha da ocupante do cargo, reservado a membro do Minist\u00e9rio P\u00fablico do Estado (MPCE).<br><br><\/p>\n\n\n\n<figure class=\"wp-block-image size-full\"><img loading=\"lazy\" decoding=\"async\" width=\"770\" height=\"370\" src=\"https:\/\/blogdorogeriogomes.com.br\/wp-content\/uploads\/2022\/05\/images-65.jpeg\" alt=\"\" class=\"wp-image-25421\" srcset=\"https:\/\/blogdorogeriogomes.com.br\/noticias\/wp-content\/uploads\/2022\/05\/images-65.jpeg 770w, https:\/\/blogdorogeriogomes.com.br\/noticias\/wp-content\/uploads\/2022\/05\/images-65-300x144.jpeg 300w, https:\/\/blogdorogeriogomes.com.br\/noticias\/wp-content\/uploads\/2022\/05\/images-65-768x369.jpeg 768w\" sizes=\"auto, (max-width: 770px) 100vw, 770px\" \/><\/figure>\n\n\n\n<p><br><\/p>\n","protected":false},"excerpt":{"rendered":"<p>O Tribunal de Justi\u00e7a do Cear\u00e1 formou a lista tr\u00edplice para preenchimento de uma vaga de desembargador na corte, aberta com a aposentadoria da magistrada Vera L\u00facia Correia Lima. Por ordem de vota\u00e7\u00e3o, encabe\u00e7am a lista as procuradoras Angela Teresa Gondim Carneiro Chaves, com 34 votos; Maria Neves Feitosa Campos, com 30; e Vanja Fontenele Pontes, com 27. Os nomes ser\u00e3o encaminhados para a governadora Izolda Cela, a quem cabe a escolha da ocupante do cargo, reservado a membro&hellip;<\/p>\n","protected":false},"author":1,"featured_media":25421,"comment_status":"open","ping_status":"open","sticky":false,"template":"","format":"standard","meta":{"footnotes":""},"categories":[1],"tags":[],"class_list":["post-25420","post","type-post","status-publish","format-standard","has-post-thumbnail","hentry","category-noticias"],"_links":{"self":[{"href":"https:\/\/blogdorogeriogomes.com.br\/noticias\/wp-json\/wp\/v2\/posts\/25420","targetHints":{"allow":["GET"]}}],"collection":[{"href":"https:\/\/blogdorogeriogomes.com.br\/noticias\/wp-json\/wp\/v2\/posts"}],"about":[{"href":"https:\/\/blogdorogeriogomes.com.br\/noticias\/wp-json\/wp\/v2\/types\/post"}],"author":[{"embeddable":true,"href":"https:\/\/blogdorogeriogomes.com.br\/noticias\/wp-json\/wp\/v2\/users\/1"}],"replies":[{"embeddable":true,"href":"https:\/\/blogdorogeriogomes.com.br\/noticias\/wp-json\/wp\/v2\/comments?post=25420"}],"version-history":[{"count":1,"href":"https:\/\/blogdorogeriogomes.com.br\/noticias\/wp-json\/wp\/v2\/posts\/25420\/revisions"}],"predecessor-version":[{"id":25422,"href":"https:\/\/blogdorogeriogomes.com.br\/noticias\/wp-json\/wp\/v2\/posts\/25420\/revisions\/25422"}],"wp:featuredmedia":[{"embeddable":true,"href":"https:\/\/blogdorogeriogomes.com.br\/noticias\/wp-json\/wp\/v2\/media\/25421"}],"wp:attachment":[{"href":"https:\/\/blogdorogeriogomes.com.br\/noticias\/wp-json\/wp\/v2\/media?parent=25420"}],"wp:term":[{"taxonomy":"category","embeddable":true,"href":"https:\/\/blogdorogeriogomes.com.br\/noticias\/wp-json\/wp\/v2\/categories?post=25420"},{"taxonomy":"post_tag","embeddable":true,"href":"https:\/\/blogdorogeriogomes.com.br\/noticias\/wp-json\/wp\/v2\/tags?post=25420"}],"curies":[{"name":"wp","href":"https:\/\/api.w.org\/{rel}","templated":true}]}}