{"id":25426,"date":"2022-05-21T04:10:01","date_gmt":"2022-05-21T04:10:01","guid":{"rendered":"https:\/\/blogdorogeriogomes.com.br\/?p=25426"},"modified":"2022-05-24T19:27:14","modified_gmt":"2022-05-24T19:27:14","slug":"nova-beira-mar-de-fortaleza-passa-a-funcionar-de-forma-efetiva-e-volta-a-incrementar-o-turismo-da-capital","status":"publish","type":"post","link":"https:\/\/blogdorogeriogomes.com.br\/noticias\/2022\/05\/nova-beira-mar-de-fortaleza-passa-a-funcionar-de-forma-efetiva-e-volta-a-incrementar-o-turismo-da-capital\/","title":{"rendered":"Nova Beira-Mar de Fortaleza passa a funcionar de forma efetiva e volta a incrementar o turismo da Capital"},"content":{"rendered":"\n<p>A Prefeitura de Fortaleza entregou, nesta sexta-feira, dia 20 de maio, as obras de requalifica\u00e7\u00e3o da avenida Beira-Mar, em evento com uma programa\u00e7\u00e3o especial preparada para marcar a data para os fortalezenses. Al\u00e9m disso, anunciou a elabora\u00e7\u00e3o de projeto de requalifica\u00e7\u00e3o e urbaniza\u00e7\u00e3o para a Praia de Iracema, no trecho entre o espig\u00e3o da Rui Barbosa at\u00e9 a Ponte Met\u00e1lica. O evento teve a participa\u00e7\u00e3o do prefeito de Fortaleza, Jos\u00e9 Sarto, da governadora Izolda Cela, do ex-prefeito Roberto Cl\u00e1udio e do presidente da C\u00e2mara Municipal de Fortaleza, Ant\u00f4nio Henrique. <\/p>\n\n\n\n<p>A nova reforma prev\u00ea amplia\u00e7\u00e3o do cal\u00e7ad\u00e3o existente, implanta\u00e7\u00e3o de ciclovia bidirecional, nova ilumina\u00e7\u00e3o, reforma da \u00e1rea da Est\u00e1tua da Iracema Guardi\u00e3, instala\u00e7\u00e3o de mobili\u00e1rios urbanos e projeto paisag\u00edstico com \u00e1rvores de grande porte.<\/p>\n\n\n\n<p>A Feirinha da Beira-Mar, um dos principais atrativos tur\u00edsticos de Fortaleza, passa a funcionar em sua nova estrutura. O equipamento passou a funcionar em novo hor\u00e1rio: das 16 \u00e0s 22 horas durante toda a semana, com 707 boxes.<\/p>\n\n\n\n<figure class=\"wp-block-image size-large\"><img loading=\"lazy\" decoding=\"async\" width=\"1024\" height=\"602\" src=\"https:\/\/blogdorogeriogomes.com.br\/wp-content\/uploads\/2022\/05\/20-05-2022-BeiraMar-66-1024x602.jpg\" alt=\"\" class=\"wp-image-25427\" srcset=\"https:\/\/blogdorogeriogomes.com.br\/noticias\/wp-content\/uploads\/2022\/05\/20-05-2022-BeiraMar-66-1024x602.jpg 1024w, https:\/\/blogdorogeriogomes.com.br\/noticias\/wp-content\/uploads\/2022\/05\/20-05-2022-BeiraMar-66-300x176.jpg 300w, https:\/\/blogdorogeriogomes.com.br\/noticias\/wp-content\/uploads\/2022\/05\/20-05-2022-BeiraMar-66-768x451.jpg 768w, https:\/\/blogdorogeriogomes.com.br\/noticias\/wp-content\/uploads\/2022\/05\/20-05-2022-BeiraMar-66-1536x902.jpg 1536w, https:\/\/blogdorogeriogomes.com.br\/noticias\/wp-content\/uploads\/2022\/05\/20-05-2022-BeiraMar-66-800x470.jpg 800w, https:\/\/blogdorogeriogomes.com.br\/noticias\/wp-content\/uploads\/2022\/05\/20-05-2022-BeiraMar-66.jpg 1600w\" sizes=\"auto, (max-width: 1024px) 100vw, 1024px\" \/><\/figure>\n","protected":false},"excerpt":{"rendered":"<p>A Prefeitura de Fortaleza entregou, nesta sexta-feira, dia 20 de maio, as obras de requalifica\u00e7\u00e3o da avenida Beira-Mar, em evento com uma programa\u00e7\u00e3o especial preparada para marcar a data para os fortalezenses. Al\u00e9m disso, anunciou a elabora\u00e7\u00e3o de projeto de requalifica\u00e7\u00e3o e urbaniza\u00e7\u00e3o para a Praia de Iracema, no trecho entre o espig\u00e3o da Rui Barbosa at\u00e9 a Ponte Met\u00e1lica. O evento teve a participa\u00e7\u00e3o do prefeito de Fortaleza, Jos\u00e9 Sarto, da governadora Izolda Cela, do ex-prefeito Roberto Cl\u00e1udio&hellip;<\/p>\n","protected":false},"author":1,"featured_media":25427,"comment_status":"open","ping_status":"open","sticky":false,"template":"","format":"standard","meta":{"footnotes":""},"categories":[1],"tags":[],"class_list":["post-25426","post","type-post","status-publish","format-standard","has-post-thumbnail","hentry","category-noticias"],"_links":{"self":[{"href":"https:\/\/blogdorogeriogomes.com.br\/noticias\/wp-json\/wp\/v2\/posts\/25426","targetHints":{"allow":["GET"]}}],"collection":[{"href":"https:\/\/blogdorogeriogomes.com.br\/noticias\/wp-json\/wp\/v2\/posts"}],"about":[{"href":"https:\/\/blogdorogeriogomes.com.br\/noticias\/wp-json\/wp\/v2\/types\/post"}],"author":[{"embeddable":true,"href":"https:\/\/blogdorogeriogomes.com.br\/noticias\/wp-json\/wp\/v2\/users\/1"}],"replies":[{"embeddable":true,"href":"https:\/\/blogdorogeriogomes.com.br\/noticias\/wp-json\/wp\/v2\/comments?post=25426"}],"version-history":[{"count":2,"href":"https:\/\/blogdorogeriogomes.com.br\/noticias\/wp-json\/wp\/v2\/posts\/25426\/revisions"}],"predecessor-version":[{"id":25429,"href":"https:\/\/blogdorogeriogomes.com.br\/noticias\/wp-json\/wp\/v2\/posts\/25426\/revisions\/25429"}],"wp:featuredmedia":[{"embeddable":true,"href":"https:\/\/blogdorogeriogomes.com.br\/noticias\/wp-json\/wp\/v2\/media\/25427"}],"wp:attachment":[{"href":"https:\/\/blogdorogeriogomes.com.br\/noticias\/wp-json\/wp\/v2\/media?parent=25426"}],"wp:term":[{"taxonomy":"category","embeddable":true,"href":"https:\/\/blogdorogeriogomes.com.br\/noticias\/wp-json\/wp\/v2\/categories?post=25426"},{"taxonomy":"post_tag","embeddable":true,"href":"https:\/\/blogdorogeriogomes.com.br\/noticias\/wp-json\/wp\/v2\/tags?post=25426"}],"curies":[{"name":"wp","href":"https:\/\/api.w.org\/{rel}","templated":true}]}}