{"id":25430,"date":"2022-05-22T01:56:41","date_gmt":"2022-05-22T01:56:41","guid":{"rendered":"https:\/\/blogdorogeriogomes.com.br\/?p=25430"},"modified":"2022-05-24T19:27:39","modified_gmt":"2022-05-24T19:27:39","slug":"adelita-monteiro-participa-de-seminario-nacional-de-mulheres-do-psol-em-sao-paulo","status":"publish","type":"post","link":"https:\/\/blogdorogeriogomes.com.br\/noticias\/2022\/05\/adelita-monteiro-participa-de-seminario-nacional-de-mulheres-do-psol-em-sao-paulo\/","title":{"rendered":"Adelita Monteiro participa de Semin\u00e1rio Nacional de Mulheres do PSOL em S\u00e3o Paulo"},"content":{"rendered":"\n<p>A pr\u00e9-candidata ao Governo do Cear\u00e1, Adelita Monteiro (PSOL), encerrou sua participa\u00e7\u00e3o neste s\u00e1bado, dia 21 de maio, no evento nacional das Mulheres psolistas. O semin\u00e1rio foi formativo e preparat\u00f3rio para as pr\u00e9-candidatas e militantes do PSOL.<\/p>\n\n\n\n<p>O Semin\u00e1rio Nacional das Mulheres do PSOL: semear a igualdade de g\u00eanero aconteceu em S\u00e3o Paulo.<\/p>\n\n\n\n<p>O evento foi uma iniciativa conjunta da Setorial Nacional de Mulheres do PSOL e do Grupo de Trabalho respons\u00e1vel pela reda\u00e7\u00e3o do eixo de pol\u00edticas para mulheres (GT Mulheres) da Plataforma DIREITO AO FUTURO, programa que as candidaturas do PSOL apresentar\u00e3o nestas elei\u00e7\u00f5es de 2022.<\/p>\n\n\n\n<figure class=\"wp-block-image size-large\"><img loading=\"lazy\" decoding=\"async\" width=\"1024\" height=\"684\" src=\"https:\/\/blogdorogeriogomes.com.br\/wp-content\/uploads\/2022\/05\/IMG-20220521-WA0033-1024x684.jpg\" alt=\"\" class=\"wp-image-25431\" srcset=\"https:\/\/blogdorogeriogomes.com.br\/noticias\/wp-content\/uploads\/2022\/05\/IMG-20220521-WA0033-1024x684.jpg 1024w, https:\/\/blogdorogeriogomes.com.br\/noticias\/wp-content\/uploads\/2022\/05\/IMG-20220521-WA0033-300x200.jpg 300w, https:\/\/blogdorogeriogomes.com.br\/noticias\/wp-content\/uploads\/2022\/05\/IMG-20220521-WA0033-768x513.jpg 768w, https:\/\/blogdorogeriogomes.com.br\/noticias\/wp-content\/uploads\/2022\/05\/IMG-20220521-WA0033-800x534.jpg 800w, https:\/\/blogdorogeriogomes.com.br\/noticias\/wp-content\/uploads\/2022\/05\/IMG-20220521-WA0033.jpg 1080w\" sizes=\"auto, (max-width: 1024px) 100vw, 1024px\" \/><\/figure>\n\n\n\n<p><\/p>\n\n\n\n<p><\/p>\n\n\n\n<p><\/p>\n\n\n\n<p><\/p>\n\n\n\n<p><\/p>\n\n\n\n<p><\/p>\n\n\n\n<p><\/p>\n\n\n\n<p><\/p>\n","protected":false},"excerpt":{"rendered":"<p>A pr\u00e9-candidata ao Governo do Cear\u00e1, Adelita Monteiro (PSOL), encerrou sua participa\u00e7\u00e3o neste s\u00e1bado, dia 21 de maio, no evento nacional das Mulheres psolistas. O semin\u00e1rio foi formativo e preparat\u00f3rio para as pr\u00e9-candidatas e militantes do PSOL. O Semin\u00e1rio Nacional das Mulheres do PSOL: semear a igualdade de g\u00eanero aconteceu em S\u00e3o Paulo. O evento foi uma iniciativa conjunta da Setorial Nacional de Mulheres do PSOL e do Grupo de Trabalho respons\u00e1vel pela reda\u00e7\u00e3o do eixo de pol\u00edticas para&hellip;<\/p>\n","protected":false},"author":1,"featured_media":25431,"comment_status":"open","ping_status":"open","sticky":false,"template":"","format":"standard","meta":{"footnotes":""},"categories":[1],"tags":[],"class_list":["post-25430","post","type-post","status-publish","format-standard","has-post-thumbnail","hentry","category-noticias"],"_links":{"self":[{"href":"https:\/\/blogdorogeriogomes.com.br\/noticias\/wp-json\/wp\/v2\/posts\/25430","targetHints":{"allow":["GET"]}}],"collection":[{"href":"https:\/\/blogdorogeriogomes.com.br\/noticias\/wp-json\/wp\/v2\/posts"}],"about":[{"href":"https:\/\/blogdorogeriogomes.com.br\/noticias\/wp-json\/wp\/v2\/types\/post"}],"author":[{"embeddable":true,"href":"https:\/\/blogdorogeriogomes.com.br\/noticias\/wp-json\/wp\/v2\/users\/1"}],"replies":[{"embeddable":true,"href":"https:\/\/blogdorogeriogomes.com.br\/noticias\/wp-json\/wp\/v2\/comments?post=25430"}],"version-history":[{"count":1,"href":"https:\/\/blogdorogeriogomes.com.br\/noticias\/wp-json\/wp\/v2\/posts\/25430\/revisions"}],"predecessor-version":[{"id":25432,"href":"https:\/\/blogdorogeriogomes.com.br\/noticias\/wp-json\/wp\/v2\/posts\/25430\/revisions\/25432"}],"wp:featuredmedia":[{"embeddable":true,"href":"https:\/\/blogdorogeriogomes.com.br\/noticias\/wp-json\/wp\/v2\/media\/25431"}],"wp:attachment":[{"href":"https:\/\/blogdorogeriogomes.com.br\/noticias\/wp-json\/wp\/v2\/media?parent=25430"}],"wp:term":[{"taxonomy":"category","embeddable":true,"href":"https:\/\/blogdorogeriogomes.com.br\/noticias\/wp-json\/wp\/v2\/categories?post=25430"},{"taxonomy":"post_tag","embeddable":true,"href":"https:\/\/blogdorogeriogomes.com.br\/noticias\/wp-json\/wp\/v2\/tags?post=25430"}],"curies":[{"name":"wp","href":"https:\/\/api.w.org\/{rel}","templated":true}]}}