{"id":25436,"date":"2022-05-23T18:53:44","date_gmt":"2022-05-23T18:53:44","guid":{"rendered":"https:\/\/blogdorogeriogomes.com.br\/?p=25436"},"modified":"2022-05-24T19:27:42","modified_gmt":"2022-05-24T19:27:42","slug":"apos-desistencia-da-candidatura-quem-herdara-os-votos-de-joao-doria","status":"publish","type":"post","link":"https:\/\/blogdorogeriogomes.com.br\/noticias\/2022\/05\/apos-desistencia-da-candidatura-quem-herdara-os-votos-de-joao-doria\/","title":{"rendered":"Ap\u00f3s desist\u00eancia da candidatura, quem herdar\u00e1 os votos de Jo\u00e3o Doria?"},"content":{"rendered":"\n<p>O ex-governador de S\u00e3o Paulo, Jo\u00e3o Doria (PSDB), desistiu de concorrer \u00e0 Presid\u00eancia da Rep\u00fablica pelo seu partido, apesar de ter sido escolhido nas pr\u00e9vias internas. Ele confirmou as press\u00f5es na legenda, que deve caminhar em uma candidatura \u00fanica encabe\u00e7ada pela senadora Simone Tebet (MDB), com o apoio tamb\u00e9m do Cidadania. &#8220;Serenamente entendo que n\u00e3o sou a escolha da c\u00fapula do PSDB&#8221;, destacou Doria no seu an\u00fancio da desist\u00eancia da candidatura.<\/p>\n\n\n\n<p>Al\u00e9m do pr\u00f3prio enfraquecimento do PSDB, a d\u00favida fica para onde v\u00e3o migrar os votos de Jo\u00e3o Doria, que tem aparecido com cerca de 3% nas pesquisas de inten\u00e7\u00e3o de voto.<\/p>\n\n\n\n<p>Doria apoiou o presidente Jair Bolsonaro na campanha eleitoral de 2018, mas depois de romper politicamente com o Chefe do Planalto se transformou em um inimigo p\u00fablico.<\/p>\n\n\n\n<p>Segundo pesquisa Quaest, entre os que pretendiam votar no ex-governador paulista, 36% podem migrar para Lula e apenas 19% para Jair Bolsonaro.<br><\/p>\n\n\n\n<figure class=\"wp-block-image size-full\"><img loading=\"lazy\" decoding=\"async\" width=\"984\" height=\"656\" src=\"https:\/\/blogdorogeriogomes.com.br\/wp-content\/uploads\/2022\/05\/agf20220523005.jpg\" alt=\"\" class=\"wp-image-25437\" srcset=\"https:\/\/blogdorogeriogomes.com.br\/noticias\/wp-content\/uploads\/2022\/05\/agf20220523005.jpg 984w, https:\/\/blogdorogeriogomes.com.br\/noticias\/wp-content\/uploads\/2022\/05\/agf20220523005-300x200.jpg 300w, https:\/\/blogdorogeriogomes.com.br\/noticias\/wp-content\/uploads\/2022\/05\/agf20220523005-768x512.jpg 768w, https:\/\/blogdorogeriogomes.com.br\/noticias\/wp-content\/uploads\/2022\/05\/agf20220523005-800x533.jpg 800w\" sizes=\"auto, (max-width: 984px) 100vw, 984px\" \/><\/figure>\n","protected":false},"excerpt":{"rendered":"<p>O ex-governador de S\u00e3o Paulo, Jo\u00e3o Doria (PSDB), desistiu de concorrer \u00e0 Presid\u00eancia da Rep\u00fablica pelo seu partido, apesar de ter sido escolhido nas pr\u00e9vias internas. Ele confirmou as press\u00f5es na legenda, que deve caminhar em uma candidatura \u00fanica encabe\u00e7ada pela senadora Simone Tebet (MDB), com o apoio tamb\u00e9m do Cidadania. &#8220;Serenamente entendo que n\u00e3o sou a escolha da c\u00fapula do PSDB&#8221;, destacou Doria no seu an\u00fancio da desist\u00eancia da candidatura. Al\u00e9m do pr\u00f3prio enfraquecimento do PSDB, a d\u00favida&hellip;<\/p>\n","protected":false},"author":1,"featured_media":25437,"comment_status":"open","ping_status":"open","sticky":false,"template":"","format":"standard","meta":{"footnotes":""},"categories":[1],"tags":[],"class_list":["post-25436","post","type-post","status-publish","format-standard","has-post-thumbnail","hentry","category-noticias"],"_links":{"self":[{"href":"https:\/\/blogdorogeriogomes.com.br\/noticias\/wp-json\/wp\/v2\/posts\/25436","targetHints":{"allow":["GET"]}}],"collection":[{"href":"https:\/\/blogdorogeriogomes.com.br\/noticias\/wp-json\/wp\/v2\/posts"}],"about":[{"href":"https:\/\/blogdorogeriogomes.com.br\/noticias\/wp-json\/wp\/v2\/types\/post"}],"author":[{"embeddable":true,"href":"https:\/\/blogdorogeriogomes.com.br\/noticias\/wp-json\/wp\/v2\/users\/1"}],"replies":[{"embeddable":true,"href":"https:\/\/blogdorogeriogomes.com.br\/noticias\/wp-json\/wp\/v2\/comments?post=25436"}],"version-history":[{"count":1,"href":"https:\/\/blogdorogeriogomes.com.br\/noticias\/wp-json\/wp\/v2\/posts\/25436\/revisions"}],"predecessor-version":[{"id":25438,"href":"https:\/\/blogdorogeriogomes.com.br\/noticias\/wp-json\/wp\/v2\/posts\/25436\/revisions\/25438"}],"wp:featuredmedia":[{"embeddable":true,"href":"https:\/\/blogdorogeriogomes.com.br\/noticias\/wp-json\/wp\/v2\/media\/25437"}],"wp:attachment":[{"href":"https:\/\/blogdorogeriogomes.com.br\/noticias\/wp-json\/wp\/v2\/media?parent=25436"}],"wp:term":[{"taxonomy":"category","embeddable":true,"href":"https:\/\/blogdorogeriogomes.com.br\/noticias\/wp-json\/wp\/v2\/categories?post=25436"},{"taxonomy":"post_tag","embeddable":true,"href":"https:\/\/blogdorogeriogomes.com.br\/noticias\/wp-json\/wp\/v2\/tags?post=25436"}],"curies":[{"name":"wp","href":"https:\/\/api.w.org\/{rel}","templated":true}]}}